{"id":33547,"date":"2019-05-10T14:16:23","date_gmt":"2019-05-10T18:16:23","guid":{"rendered":"https:\/\/linitiative.ca\/International\/tunisie-fourati-plusieurs-attentats-ont-pu-etre-evites-durant-le-debut-de-ramadan\/"},"modified":"2019-05-10T14:16:23","modified_gmt":"2019-05-10T18:16:23","slug":"tunisie-fourati-plusieurs-attentats-ont-pu-etre-evites-durant-le-debut-de-ramadan","status":"publish","type":"post","link":"https:\/\/linitiative.ca\/International\/tunisie-fourati-plusieurs-attentats-ont-pu-etre-evites-durant-le-debut-de-ramadan\/","title":{"rendered":"Tunisie \u2013 Fourati\u00a0: Plusieurs attentats ont pu \u00eatre \u00e9vit\u00e9s durant le d\u00e9but de Ramadan"},"content":{"rendered":"<div class=\"post-cont-in left relative\">\n<p>Le ministre de l\u2019int\u00e9rieur, Hichem Fourati a annonc\u00e9 ce vendredi, lors d\u2019une visite aux troupes de la zone frontali\u00e8res de Bouchebka, dans le gouvernorat de Kasserine, que les derni\u00e8res actions antiterroristes qui ont permis d\u2019\u00e9liminer quelques uns des \u00e9l\u00e9ments les plus dangereux, ont permis d\u2019\u00e9viter de nombreux attentats que ces\u00a0membres avaient programm\u00e9 pour le d\u00e9but du mois de Ramadan.<\/p>\n<p>Il a, cependant, annonc\u00e9 que le risque demeure \u00e9lev\u00e9 . Il a appell\u00e9 \u00e0 l\u2019extr\u00eame vigilance, \u00e0 la solidarit\u00e9 et \u00e0 la contribution des citoyens en rapportant tous les mouvements et faits suspects.<\/p>\n<div class=\"code-block code-block-1 c3\"><ins class=\"adsbygoogle c2\" data-ad-layout=\"in-article\" data-ad-format=\"fluid\" data-ad-client=\"ca-pub-2102118777505746\" data-ad-slot=\"7301775417\"\/> <\/div>\n<div class=\"mvp-org-wrap mvp-org-logo\" itemprop=\"publisher\" itemscope=\"\" itemtype=\"https:\/\/schema.org\/Organization\"><img decoding=\"async\" src=\"https:\/\/www.tunisienumerique.com\/wp-content\/uploads\/2017\/02\/logo_tunisie_numerique.png\"\/><\/div>\n<div class=\"mvp-related-posts left relative\">\n<h4 class=\"post-header\"><span class=\"post-header\">Lire aussi<\/span><\/h4>\n<\/div>\n<\/div>\n<p>Auteur: LM<br \/>\n<a href=\"https:\/\/www.tunisienumerique.com\/tunisie-fourati-plusieurs-attentats-ont-pu-etre-evites-durant-le-debut-de-ramadan\/\">Cliquez ici pour lire l&rsquo;article depuis sa source.<\/a><\/p>\n","protected":false},"excerpt":{"rendered":"<p>Le ministre de l\u2019int\u00e9rieur, Hichem Fourati a annonc\u00e9 ce vendredi, lors d\u2019une visite aux troupes de la zone frontali\u00e8res de Bouchebka, dans le gouvernorat de Kasserine, que les derni\u00e8res actions antiterroristes qui ont permis d\u2019\u00e9liminer quelques uns des \u00e9l\u00e9ments les plus dangereux, ont permis d\u2019\u00e9viter de nombreux attentats que ces\u00a0membres avaient programm\u00e9 pour le d\u00e9but [&hellip;]<\/p>\n","protected":false},"author":1789,"featured_media":33548,"comment_status":"closed","ping_status":"closed","sticky":false,"template":"","format":"standard","meta":{"fifu_image_url":"","fifu_image_alt":"","footnotes":""},"categories":[73,55],"tags":[],"class_list":["post-33547","post","type-post","status-publish","format-standard","has-post-thumbnail","hentry","category-actualite","category-tunisie"],"_links":{"self":[{"href":"https:\/\/linitiative.ca\/International\/wp-json\/wp\/v2\/posts\/33547","targetHints":{"allow":["GET"]}}],"collection":[{"href":"https:\/\/linitiative.ca\/International\/wp-json\/wp\/v2\/posts"}],"about":[{"href":"https:\/\/linitiative.ca\/International\/wp-json\/wp\/v2\/types\/post"}],"author":[{"embeddable":true,"href":"https:\/\/linitiative.ca\/International\/wp-json\/wp\/v2\/users\/1789"}],"replies":[{"embeddable":true,"href":"https:\/\/linitiative.ca\/International\/wp-json\/wp\/v2\/comments?post=33547"}],"version-history":[{"count":0,"href":"https:\/\/linitiative.ca\/International\/wp-json\/wp\/v2\/posts\/33547\/revisions"}],"wp:featuredmedia":[{"embeddable":true,"href":"https:\/\/linitiative.ca\/International\/wp-json\/"}],"wp:attachment":[{"href":"https:\/\/linitiative.ca\/International\/wp-json\/wp\/v2\/media?parent=33547"}],"wp:term":[{"taxonomy":"category","embeddable":true,"href":"https:\/\/linitiative.ca\/International\/wp-json\/wp\/v2\/categories?post=33547"},{"taxonomy":"post_tag","embeddable":true,"href":"https:\/\/linitiative.ca\/International\/wp-json\/wp\/v2\/tags?post=33547"}],"curies":[{"name":"wp","href":"https:\/\/api.w.org\/{rel}","templated":true}]}}