{"id":33549,"date":"2019-05-10T16:25:44","date_gmt":"2019-05-10T20:25:44","guid":{"rendered":"https:\/\/linitiative.ca\/International\/tunisie-video-faycal-tebbini-menace-de-faire-fusiller-youssef-chahed-dans-une-place-publique\/"},"modified":"2019-05-10T16:25:44","modified_gmt":"2019-05-10T20:25:44","slug":"tunisie-video-faycal-tebbini-menace-de-faire-fusiller-youssef-chahed-dans-une-place-publique","status":"publish","type":"post","link":"https:\/\/linitiative.ca\/International\/tunisie-video-faycal-tebbini-menace-de-faire-fusiller-youssef-chahed-dans-une-place-publique\/","title":{"rendered":"Tunisie \u2013 VIDEO\u00a0: Fay\u00e7al Tebbini menace de faire fusiller Youssef Chahed dans une place publique"},"content":{"rendered":"<div class=\"post-cont-in left relative\">\n<p>Le d\u00e9put\u00e9 Fay\u00e7al Tebbini a publi\u00e9 sur sa page facebook, une s\u00e9quence vid\u00e9o, dans laquelle il explique les risques encourus par la Tunisie si jamais elle signait les accords de l\u2019ALECA dans leur forme actuelle. Il a ajout\u00e9 que le gouvernement dont le mandat s\u2019ach\u00e8ve dans six mois, est en train de vendre le pays \u00e0 l\u2019Union europ\u00e9enne, sans m\u00eame avoir l\u2019aval de l\u2019ARP, comme l\u2019y oblige la constitution.<\/p>\n<p>Et pour ne pas d\u00e9roger \u00e0 sa r\u00e8gle de faire le buz \u00e0 chacune de ses apparitions, Tebbini n\u2019a rien trouv\u00e9 de mieux, cette fois-ci, que de menacer Youssef Chahed, si jamais il signait ces accords, qu\u2019une fois au pouvoir, lui, Tebbini allait le faire condamner \u00e0 mort, et le faire fusiller sur la place publique en face du m\u00e9morial de Bourguiba, pour haute trahison.<\/p>\n<div class=\"code-block code-block-1 c4\"><ins class=\"adsbygoogle c3\" data-ad-layout=\"in-article\" data-ad-format=\"fluid\" data-ad-client=\"ca-pub-2102118777505746\" data-ad-slot=\"7301775417\"\/> <\/div>\n<div class=\"mvp-org-wrap mvp-org-logo\" itemprop=\"publisher\" itemscope=\"\" itemtype=\"https:\/\/schema.org\/Organization\"><img decoding=\"async\" src=\"https:\/\/www.tunisienumerique.com\/wp-content\/uploads\/2017\/02\/logo_tunisie_numerique.png\"\/><\/div>\n<div class=\"mvp-related-posts left relative\">\n<h4 class=\"post-header\"><span class=\"post-header\">Lire aussi<\/span><\/h4>\n<\/div>\n<\/div>\n<p>Auteur: LM<br \/>\n<a href=\"https:\/\/www.tunisienumerique.com\/tunisie-video-faycal-tebbini-menace-de-faire-fusiller-youssef-chahed-dans-une-place-publique\/\">Cliquez ici pour lire l&rsquo;article depuis sa source.<\/a><\/p>\n","protected":false},"excerpt":{"rendered":"<p>Le d\u00e9put\u00e9 Fay\u00e7al Tebbini a publi\u00e9 sur sa page facebook, une s\u00e9quence vid\u00e9o, dans laquelle il explique les risques encourus par la Tunisie si jamais elle signait les accords de l\u2019ALECA dans leur forme actuelle. Il a ajout\u00e9 que le gouvernement dont le mandat s\u2019ach\u00e8ve dans six mois, est en train de vendre le pays [&hellip;]<\/p>\n","protected":false},"author":1789,"featured_media":33550,"comment_status":"closed","ping_status":"closed","sticky":false,"template":"","format":"standard","meta":{"fifu_image_url":"","fifu_image_alt":"","footnotes":""},"categories":[73,55],"tags":[],"class_list":["post-33549","post","type-post","status-publish","format-standard","has-post-thumbnail","hentry","category-actualite","category-tunisie"],"_links":{"self":[{"href":"https:\/\/linitiative.ca\/International\/wp-json\/wp\/v2\/posts\/33549","targetHints":{"allow":["GET"]}}],"collection":[{"href":"https:\/\/linitiative.ca\/International\/wp-json\/wp\/v2\/posts"}],"about":[{"href":"https:\/\/linitiative.ca\/International\/wp-json\/wp\/v2\/types\/post"}],"author":[{"embeddable":true,"href":"https:\/\/linitiative.ca\/International\/wp-json\/wp\/v2\/users\/1789"}],"replies":[{"embeddable":true,"href":"https:\/\/linitiative.ca\/International\/wp-json\/wp\/v2\/comments?post=33549"}],"version-history":[{"count":0,"href":"https:\/\/linitiative.ca\/International\/wp-json\/wp\/v2\/posts\/33549\/revisions"}],"wp:featuredmedia":[{"embeddable":true,"href":"https:\/\/linitiative.ca\/International\/wp-json\/"}],"wp:attachment":[{"href":"https:\/\/linitiative.ca\/International\/wp-json\/wp\/v2\/media?parent=33549"}],"wp:term":[{"taxonomy":"category","embeddable":true,"href":"https:\/\/linitiative.ca\/International\/wp-json\/wp\/v2\/categories?post=33549"},{"taxonomy":"post_tag","embeddable":true,"href":"https:\/\/linitiative.ca\/International\/wp-json\/wp\/v2\/tags?post=33549"}],"curies":[{"name":"wp","href":"https:\/\/api.w.org\/{rel}","templated":true}]}}