{"id":33553,"date":"2019-05-10T15:53:08","date_gmt":"2019-05-10T19:53:08","guid":{"rendered":"https:\/\/linitiative.ca\/International\/pot-pourri\/"},"modified":"2019-05-10T15:53:08","modified_gmt":"2019-05-10T19:53:08","slug":"pot-pourri","status":"publish","type":"post","link":"https:\/\/linitiative.ca\/International\/pot-pourri\/","title":{"rendered":"POT POURRI :"},"content":{"rendered":"<p><img decoding=\"async\" class=\"post_layout_5_img\" src=\"http:\/\/lepays.bf\/wp-content\/uploads\/2017\/07\/lepaysresponsive.png\" alt=\"POT POURRI :\"\/><\/p>\n<p><strong>\u00a0Ouagadougou : le renseignement aux trousses d\u2019individus suspects<\/strong><\/p>\n<p class=\"c4\"><em>C\u2019est un message qui circule depuis quelques heures sur les r\u00e9seaux sociaux, notamment sur le r\u00e9seau WhatsApp\u00a0: \u00ab\u00a0V\u00e9hicule suspect vitres fum\u00e9es 25% transportant 04 personnes suspectes dont 03 arabes de la peau rouge et 01 de la peau noire. V\u00e9hicule personnel mod\u00e8le Advensis immatricul\u00e9 11 JK4085BF ou 11JK4885 (le deuxi\u00e8me chiffre apr\u00e8s le \u00ab\u00a04\u00a0\u00bb est illisible). Les suspects ont quitt\u00e9 la zone de Ouaga 2000 en direction du centre-ville. Ils se sont renseign\u00e9s aupr\u00e8s d\u2019un mendiant au carrefour (Bon Samaritin-station Petrofa) de la Patte d\u2019oie. Vigilance\u00a0\u00bb.<\/em><\/p>\n<p><strong>Administration territoriale : le pr\u00e9sident du Faso a-t-il limog\u00e9 les gouverneurs des r\u00e9gions en proie aux attaques terroristes ?<\/strong><\/p>\n<p class=\"c4\"><em>Lors du dernier Conseil des ministres, l\u2019on a constat\u00e9 une valse des gouverneurs des 13 r\u00e9gions du Burkina Faso. A la lecture du mouvement des gouverneurs, certains observateurs ont conclu que Roch Marc Christian Kabor\u00e9 a tout simplement limog\u00e9 la majorit\u00e9 des gouverneurs des r\u00e9gions confront\u00e9es aux attaques terroristes. En rappel, et selon le compte rendu du Conseil des ministres du 8 mai dernier, le gouverneur de la r\u00e9gion de l\u2019Est, le colonel Ousmane Traor\u00e9, est remplac\u00e9 par le lieutenant-colonel Sa\u00efdou Sanou tandis que dans la r\u00e9gion du Sahel, le Colonel-Major Salfo Kabor\u00e9 succ\u00e8de au colonel Peguy Hyacinthe Yoda. Les r\u00e9gions\u00a0du Nord et du Centre-Nord sont dirig\u00e9es d\u00e9sormais par les administrateurs civils Justin Som\u00e9 et Casimir S\u00e9gueda. A l\u2019analyse, quatre des cinq r\u00e9gions concern\u00e9es par le remplacement, enregistrent depuis plusieurs mois, des attaques\u00a0terroristes. Voici la nouvelle configuration des gouverneurs au Burkina Faso\u00a0: \u2028Edgar Si\u00e9 Sou, Mle 28 405, Administrateur civil, R\u00e9gion de la Boucle du Mouhoun;\u2028Madame Jos\u00e9phine K. Kabore\/Apiou, Mle 25 760, Administrateur civil, R\u00e9gion des Cascades ;\u2028Sibiri de Issa Ou\u00e9draogo, Mle 23 593, Administrateur civil, R\u00e9gion du Centre ;\u2028Antoine N. Ou\u00e9draogo, Mle 28 137 M, Administrateur civil, R\u00e9gion du Centre-Est ;\u2028Casimir B. Segueda, Mle 23 617 P, Administrateur civil, R\u00e9gion du Centre-Nord (nouveau)\u2028Ir\u00e8ne Coulibaly, Mle 28 164, Administrateur civil, R\u00e9gion du Centre-Ouest ;\u2028Madame Y. Josiane Zoungrana\/Kabr\u00e9, Mle 28 398 J, Administrateur civil, R\u00e9gion du Centre-Sud (nouveau)\u2028Sa\u00efdou Sanou, Lieutenant-Colonel, R\u00e9gion de l\u2019Est (nouveau)\u2028Antoine Atiou, Mle 23 533 W, Administrateur civil, R\u00e9gion des Hauts-Bassins ;\u2028Justin S. Som\u00e9, Mle 24 059 V, Administrateur civil, R\u00e9gion du Nord (Nouveau)\u2028Madame Nana Fatoumata Yatassaye\/B\u00e9non, Mle 88 836 K, Administrateur civil, R\u00e9gion du Plateau-Central ;\u2028Salfo Kabor\u00e9, Colonel-Major, R\u00e9gion du Sahel (nouveau)\u00a0;\u2028Tagseba Niki\u00e9ma, Colonel, R\u00e9gion du Sud-Ouest.<\/em><\/p>\n<p><strong>\u00a0Attaque d\u2019un poste de p\u00e9age \u00e0 Ouahigouya : le FSR-B pr\u00e9sente ses condol\u00e9ances \u00e0 la famille de Boureima Ma\u00efga<\/strong><\/p>\n<p class=\"c4\"><em>Ceci est un message du Fonds sp\u00e9cial routier du Burkina\u00a0: \u00ab\u00a0Dans la nuit du 6 au 7 mai 2019, le poste de p\u00e9age de Ouahigouya a fait l\u2019objet d\u2019une attaque, occasionnant la mort brutale de Boureima Ma\u00efga, pr\u00e9c\u00e9demment pr\u00e9pos\u00e9 \u00e0 la vente de tickets de p\u00e9age au poste de Ouahigouya et deux (2) bless\u00e9s. Au nom du personnel du Fonds sp\u00e9cial routier du Burkina et \u00e0 son nom propre, le Directeur g\u00e9n\u00e9ral pr\u00e9sente ses condol\u00e9ances les plus attrist\u00e9es \u00e0 la famille \u00e9plor\u00e9e et souhaite prompt r\u00e9tablissement aux bless\u00e9s\u00a0\u00bb.<\/em><\/p>\n<p><strong>Secteur de l\u2019automobile : les portes du CCVA \u00e9taient ferm\u00e9es hier<\/strong><\/p>\n<p class=\"c4\"><em>Les portes du Centre de contr\u00f4le des v\u00e9hicules automobiles (CCVA) \u00e9taient ferm\u00e9es, hier, 9 mai 2019. Selon nos informations, cette fermeture est cons\u00e9cutive au d\u00e9c\u00e8s du Chef de service informatique du CCVA, Aly Ou\u00e9draogo.<\/em><\/p>\n<p>\u00a0<strong>Commune de Doumbala : un enseignant bless\u00e9 gri\u00e8vement \u00e0 la suite d\u2019une agression<\/strong><\/p>\n<p class=\"c4\"><em>Des sources rapportent qu\u2019un enseignant d\u2019histoire g\u00e9ographie de la commune de Doumbala, dans la province de la Kossi, a \u00e9t\u00e9 agress\u00e9 le 8 mai dans la nuit, par deux habitants de la localit\u00e9. Cette agression serait li\u00e9e \u00e0 un malentendu entre l\u2019enseignant et un habitant de la commune autour d\u2019une somme d\u2019argent. Il nous est revenu que l\u2019enseignant a \u00e9t\u00e9 gri\u00e8vement bless\u00e9 et a \u00e9t\u00e9 admis au CSPS de ladite commune. En repr\u00e9sailles \u00e0 l\u2019agression de leur coll\u00e8gue, les enseignants de la commune, sous la houlette de leurs syndicats, ont initi\u00e9 des sit-in du 9 au 13 mai 2019.<\/em><\/p>\n<p><strong>Etablissement de CNIB ou de passeports pour les Burkinab\u00e8 de l\u2019ext\u00e9rieur : prolongement des d\u00e9lais r\u00e9clam\u00e9 en C\u00f4te d\u2019Ivoire<\/strong><\/p>\n<p class=\"c4\"><em>Le Collectif des associations et mouvements de Jeunesse burkinab\u00e8 en C\u00f4te d\u2019Ivoire, (CAMJBCI) a rencontr\u00e9 la presse en C\u00f4te d\u2019Ivoire le 8 mai dernier, pour parler des missions consulaires sp\u00e9ciales d\u2019\u00e9tablissement des Cartes nationales d\u2019identit\u00e9 burkinab\u00e8 (CNIB) ou des passeports ordinaires pour les Burkinab\u00e8 de l\u2019ext\u00e9rieur. \u00ab\u00a0 La premi\u00e8re mission en terre ivoirienne tirant \u00e0 sa fin, nos compatriotes, bien que d\u00e9cid\u00e9s d\u2019avoir le pr\u00e9cieux s\u00e9same pour l\u2019exercice de leur \u00ab\u00a0droit de vote\u00a0\u00bb le moment venu, il nous a \u00e9t\u00e9 donn\u00e9 de constater une faible affluence dans les lieux d\u2019enr\u00f4lement que sont les Consulats G\u00e9n\u00e9raux du Burkina Faso \u00e0 Abidjan, Bouak\u00e9 et Soubr\u00e9 pour diverses raisons\u00a0\u00bb, a soulign\u00e9 le collectif. Ce dernier a fait les recommandations suivantes\u00a0: la pr\u00e9sence de magistrats dans les d\u00e9l\u00e9gations comme il l\u2019a toujours souhait\u00e9 et exprim\u00e9 aupr\u00e8s des autorit\u00e9s burkinab\u00e8, pour la d\u00e9livrance de certificat de nationalit\u00e9 \u00e0 ceux de nos compatriotes qui en ont besoin pour l\u2019\u00e9tablissement de la Carte nationale d\u2019identit\u00e9 (CNIB) ou du Passeport biom\u00e9trique burkinab\u00e8\u00a0; la prorogation de la dur\u00e9e des diff\u00e9rentes missions afin de permettre au maximum de nos compatriotes qui le d\u00e9sirent, de s\u2019enr\u00f4ler\u00a0; l\u2019installation d\u2019\u00e9quipes mobiles dans les r\u00e9gions \u00e0 fortes concentrations de nos compatriotes pour la d\u00e9livrance desdits documents\u00a0; la relecture du Code \u00e9lectoral pour l\u2019int\u00e9gration de la Carte d\u2019identit\u00e9 consulaire dans les documents de votation, en plus de la Carte Nationale d\u2019identit\u00e9 (CNIB) et du passeport biom\u00e9trique burkinab\u00e8 vu la faible affluence, surtout que sa d\u00e9tention est la premi\u00e8re condition pour l\u2019inscription sur la liste \u00e9lectorale selon la Commission \u00e9lectorale nationale ind\u00e9pendante (CENI).<\/em><\/p>\n<p><strong>Eglise catholique : les \u00e9v\u00eaques d\u2019Afrique de l\u2019Ouest tiennent leur 3e assembl\u00e9e pl\u00e9ni\u00e8re au Burkina Faso<\/strong><\/p>\n<p class=\"c4\"><em>La Conf\u00e9rence \u00e9piscopale r\u00e9gionale de l&rsquo;Afrique de l&rsquo;Ouest ou regional episcopal conf\u00e9rence of West Africa, connue sous l&rsquo;acronyme\u00a0RECOWA-CERAO, tient sa \u00ab\u00a0Troisi\u00e8me Assembl\u00e9e Pl\u00e9ni\u00e8re\u00a0\u00bb le 14 mai 2019 dans la Salle de Conf\u00e9rence de Ouaga 2000 \u00e0 Ouagadougou. La messe pour l\u2019ouverture de cette rencontre aura lieu le 14 mai \u00e0 18h 30 \u00e0 la Cath\u00e9drale de Ouagadougou et la cl\u00f4ture le 19 mai \u00e0 Yagma.<\/em><\/p>\n<p><strong>Minist\u00e8re de la Culture : le ministre Abdoul Karim Sango prend connaissance des points de revendication des travailleurs<\/strong><\/p>\n<p class=\"c4\"><em>Ceci est un communiqu\u00e9 de presse post\u00e9 par le minist\u00e8re de la Culture, des arts et du tourisme, sur sa page facebook\u00a0: \u00ab\u00a0Le ministre de la Culture, des arts et du tourisme, Abdoul Karim Sango, a rencontr\u00e9 les d\u00e9l\u00e9gu\u00e9s syndicaux de son D\u00e9partement, hier, 8 mai 2019. Suite au sit-in observ\u00e9 par les membres du Syndicat national des travailleurs de la culture et du tourisme (SYNATRACT), de 8 h \u00e0 11h, ce jour, M. Sango a voulu comprendre les motivations de ce mouvement d&rsquo;humeur. N&rsquo;ayant re\u00e7u aucun pr\u00e9avis, ni d&rsquo;information officielle du syndicat, il a souhait\u00e9 \u00e9couter les responsables syndicaux relativement \u00e0 l&rsquo;arr\u00eat de travail. Ceux-ci ont indiqu\u00e9 que le sit-in a \u00e9t\u00e9 d\u00e9cid\u00e9 par l&rsquo;Assembl\u00e9e g\u00e9n\u00e9rale tenue la veille, en protestation \u00e0 la non-application des conclusions de la Conf\u00e9rence nationale des forces vives de la nation sur le syst\u00e8me de r\u00e9mun\u00e9ration des agents publics de l\u2019Etat. Le Gouvernement, \u00e0 la surprise g\u00e9n\u00e9rale selon le groupe, a pris des mesures contraires \u00e0 l&rsquo;esprit de la conf\u00e9rence, en pratiquant un traitement discriminatoire entre les agents publics de l\u2019Etat. Selon les repr\u00e9sentants du SYNATRACT, le sit-in de 3 jours enclench\u00e9 par les travailleurs, sans pr\u00e9avis, s&rsquo;imposait du fait du contexte de m\u00e9contentement g\u00e9n\u00e9ral. Le ministre qui avait \u00e0 ses c\u00f4t\u00e9s, quelques proches collaborateurs, a dit prendre acte des informations re\u00e7ues. Il a fait savoir que les conclusions de la conf\u00e9rence ne sont pas remises en cause comme le croient bon nombre de travailleurs. Le processus, a t-il poursuivi, ira jusqu&rsquo;\u00e0 son terme, conform\u00e9ment \u00e0 l&rsquo;engagement du gouvernement. Par ailleurs, il a souhait\u00e9 que le dialogue et le respect des r\u00e8gles en vigueur soient toujours privil\u00e9gi\u00e9s. Le gouvernement, a t- il confi\u00e9, travaille \u00e0 trouver des solutions idoines aux revendications de l&rsquo;ensemble des travailleurs\u00a0\u00bb.<\/em><\/p>\n<p>Auteur: Le Pays<br \/>\n<a href=\"http:\/\/lepays.bf\/pot-pourri-37\/\">Cliquez ici pour lire l&rsquo;article depuis sa source.<\/a><\/p>\n","protected":false},"excerpt":{"rendered":"<p>\u00a0Ouagadougou : le renseignement aux trousses d\u2019individus suspects C\u2019est un message qui circule depuis quelques heures sur les r\u00e9seaux sociaux, notamment sur le r\u00e9seau WhatsApp\u00a0: \u00ab\u00a0V\u00e9hicule suspect vitres fum\u00e9es 25% transportant 04 personnes suspectes dont 03 arabes de la peau rouge et 01 de la peau noire. V\u00e9hicule personnel mod\u00e8le Advensis immatricul\u00e9 11 JK4085BF ou [&hellip;]<\/p>\n","protected":false},"author":1813,"featured_media":33554,"comment_status":"closed","ping_status":"closed","sticky":false,"template":"","format":"standard","meta":{"fifu_image_url":"","fifu_image_alt":"","footnotes":""},"categories":[73,81],"tags":[],"class_list":["post-33553","post","type-post","status-publish","format-standard","has-post-thumbnail","hentry","category-actualite","category-burkina-faso"],"_links":{"self":[{"href":"https:\/\/linitiative.ca\/International\/wp-json\/wp\/v2\/posts\/33553","targetHints":{"allow":["GET"]}}],"collection":[{"href":"https:\/\/linitiative.ca\/International\/wp-json\/wp\/v2\/posts"}],"about":[{"href":"https:\/\/linitiative.ca\/International\/wp-json\/wp\/v2\/types\/post"}],"author":[{"embeddable":true,"href":"https:\/\/linitiative.ca\/International\/wp-json\/wp\/v2\/users\/1813"}],"replies":[{"embeddable":true,"href":"https:\/\/linitiative.ca\/International\/wp-json\/wp\/v2\/comments?post=33553"}],"version-history":[{"count":0,"href":"https:\/\/linitiative.ca\/International\/wp-json\/wp\/v2\/posts\/33553\/revisions"}],"wp:featuredmedia":[{"embeddable":true,"href":"https:\/\/linitiative.ca\/International\/wp-json\/"}],"wp:attachment":[{"href":"https:\/\/linitiative.ca\/International\/wp-json\/wp\/v2\/media?parent=33553"}],"wp:term":[{"taxonomy":"category","embeddable":true,"href":"https:\/\/linitiative.ca\/International\/wp-json\/wp\/v2\/categories?post=33553"},{"taxonomy":"post_tag","embeddable":true,"href":"https:\/\/linitiative.ca\/International\/wp-json\/wp\/v2\/tags?post=33553"}],"curies":[{"name":"wp","href":"https:\/\/api.w.org\/{rel}","templated":true}]}}