{"id":33555,"date":"2019-05-10T16:00:43","date_gmt":"2019-05-10T20:00:43","guid":{"rendered":"https:\/\/linitiative.ca\/International\/rainatou-ouedraogo-maire-de-larrondissement-3-de-ouagadougou-je-ne-jetterai-jamais-leponge-pour-faire-plaisir-a-mes-detracteurs\/"},"modified":"2019-05-10T16:00:43","modified_gmt":"2019-05-10T20:00:43","slug":"rainatou-ouedraogo-maire-de-larrondissement-3-de-ouagadougou-je-ne-jetterai-jamais-leponge-pour-faire-plaisir-a-mes-detracteurs","status":"publish","type":"post","link":"https:\/\/linitiative.ca\/International\/rainatou-ouedraogo-maire-de-larrondissement-3-de-ouagadougou-je-ne-jetterai-jamais-leponge-pour-faire-plaisir-a-mes-detracteurs\/","title":{"rendered":"RAINATOU OUEDRAOGO, MAIRE DE L\u2019ARRONDISSEMENT 3 DE OUAGADOUGOU  : \u00ab\u00a0Je ne jetterai jamais l\u2019\u00e9ponge pour faire plaisir \u00e0 mes d\u00e9tracteurs\u00a0\u00bb"},"content":{"rendered":"<p><img decoding=\"async\" class=\"post_layout_5_img\" src=\"http:\/\/lepays.bf\/wp-content\/uploads\/2019\/05\/Arrondissement-3.jpg\" alt=\"RAINATOU OUEDRAOGO, MAIRE DE L\u2019ARRONDISSEMENT 3 DE OUAGADOUGOU : \u00ab\u00a0Je ne jetterai jamais l\u2019\u00e9ponge pour faire plaisir \u00e0 mes d\u00e9tracteurs\u00a0\u00bb\"\/><\/p>\n<p class=\"c4\"><strong>Pr\u00e9sente \u00e0 Gourcy le 4 mai 2019, pour la finale de la 5e \u00e9dition de \u00ab\u00a0Gourcy foot f\u00e9minin\u00a0\u00bb, Ra\u00efnatou Ou\u00e9draogo, maire de l\u2019arrondissement 3 de Ouagadougou, a bien voulu s\u2019entretenir avec nous \u00e0 l\u2019issue de ladite finale. Dans l\u2019interview qui suit, elle nous livre ses impressions sur le tournoi, donne sa lecture sur la crise qui secoue le conseil municipal de Gourcy, nous situe sur ce qui pr\u00e9vaut dans son arrondissement et nous parle de son avenir politique.<\/strong><\/p>\n<p class=\"c4\"><strong>\u00ab\u00a0Le Pays\u00a0\u00bb\u00a0: A l\u2019issue de la finale de la 5e \u00e9dition de \u00ab\u00a0Gourcy foot f\u00e9minin\u00a0\u00bb que vous avez parrain\u00e9e, quelles sont vos impressions \u00e0 chaud ?<\/strong><\/p>\n<p class=\"c4\"><em>Ra\u00efnatou Ou\u00e9draogo\u00a0: C\u2019est avec satisfaction que j\u2019ai suivi la finale de la 5e \u00e9dition de \u00ab\u00a0Gourcy foot f\u00e9minin\u00a0\u00bb que j\u2019ai eu le privil\u00e8ge et l\u2019honneur de parrainer. Je remercie le promoteur, Tido Sogoba, conseiller municipal de Gourcy qui ne m\u00e9nage aucun effort pour la promotion du football f\u00e9minin, faisant de cette belle initiative, une renomm\u00e9e au plan r\u00e9gional. Il a fait fi de mon appartenance politique pour porter son choix sur ma modeste personne pour accompagner l\u2019activit\u00e9. Je voudrais \u00e9galement rendre un vibrant hommage \u00e0 une grande dame, le maire de Gourcy, Kadidja Traor\u00e9 qui m\u2019a ouvert grandement les portes de cette commune et qui, au-del\u00e0 de la politique, me consid\u00e8re comme sa s\u0153ur et aupr\u00e8s de qui je continue d\u2019apprendre. Cela signifie que nous, filles et fils de la r\u00e9gion du Nord, devons nous mettre ensemble malgr\u00e9 nos divergences politiques et id\u00e9ologiques pour faire de notre r\u00e9gion, une destination \u00e0 ne pas manquer.<\/em><\/p>\n<p><strong>Le maire de Gourcy a repris service apr\u00e8s trois mois de suspension et a demand\u00e9 publiquement pardon. Votre commentaire ?<\/strong><\/p>\n<p class=\"c4\"><em>Madame le maire, en demandant publiquement pardon \u00e0 toute la population de sa commune, a foi que le pardon est une source d\u2019union. Elle veut que les grands chantiers se r\u00e9alisent au profit et au bonheur de ces m\u00eames populations. L\u2019orgueil ne peut aider \u00e0 construire. Malgr\u00e9 tous les soubresauts qu\u2019elle a connus, elle a fait violence sur elle-m\u00eame parce qu\u2019elle est venue pour apporter sa contribution au d\u00e9veloppement de sa commune et rien d\u2019autre. C\u2019est un message rassembleur, interpellateur qui dit qu\u2019ensemble nous pouvons b\u00e2tir notre cher Faso. Je lui souhaite une bonne fin de mandat et que Dieu la laisse en bonne sant\u00e9 pour qu\u2019elle continue l\u2019\u0153uvre et parach\u00e8ve ce qu\u2019elle a entam\u00e9 pour faire de Gourcy une commune \u00e9mergente.<\/em><\/p>\n<p><strong>Quelle est la situation actuelle dans l\u2019arrondissement 3 de Ouagadougou qui conna\u00eet les m\u00eames difficult\u00e9s que la commune de Gourcy?<\/strong><\/p>\n<p class=\"c4\"><em>A l\u2019arrondissement 3 de Ouagadougou, les choses sont rest\u00e9es en l\u2019\u00e9tat. C\u2019est vrai qu\u2019il n\u2019y a plus de bruit mais cela ne veut pas dire que la situation a \u00e9volu\u00e9. Nous faisons de notre mieux pour faire fonctionner la mairie sans les conseillers qui ont claqu\u00e9 la porte et sans des moyens cons\u00e9quents. Je dis merci \u00e0 la population de notre arrondissement qui a cru et continue de croire en nous, car sans elle, nous ne serions pas l\u00e0 aujourd\u2019hui. Des gens, pour des int\u00e9r\u00eats individuels, \u00e9go\u00efstes et personnels, ont choisi de mettre une barri\u00e8re au d\u00e9veloppement de notre arrondissement mais avec la main divine, nous fonctionnons tant bien que mal. Que Dieu accorde une sant\u00e9 de fer aux frondeurs pour qu\u2019ils voient se d\u00e9velopper l\u2019arrondissement sans eux.<\/em><\/p>\n<p class=\"c4\"><strong>Au vu de ce qui se passe dans la commune de Gourcy et \u00e0 l\u2019arrondissement 3 de Ouagadougou, est-ce facile pour une femme de s\u2019engager et de s\u2019affirmer en politi<\/strong>que ?<\/p>\n<p class=\"c4\"><em>La politique n\u2019est pas un domaine facile pour la femme et j\u2019invite la gent f\u00e9minine burkinab\u00e8 \u00e0 se mettre ensemble pour arracher ce qui peut nous revenir de droit, car tout ce qui s\u2019acquiert facilement, n\u2019a pas long feu. Le pouvoir s\u2019arrache (d\u00e9mocratiquement) et nous devons en avoir conscience. Ce que nous sommes aujourd\u2019hui, est le fruit d\u2019une lutte politique et nous devons redoubler d\u2019efforts pour nous affirmer.<\/em><\/p>\n<p class=\"c4\"><strong>Avec tous les probl\u00e8mes que vous avez connus, ne regrettez\u2013vous pas de vous \u00eatre engag\u00e9e sur le terrain politique?<\/strong><\/p>\n<p><em>Je suis press\u00e9e de voir la fin du film. Dans cette lutte, nous avons appris et acquis beaucoup d\u2019exp\u00e9riences qui, non seulement, nous serviront dans la vie mais aussi, dans notre carri\u00e8re politique. Je ne compte pas m\u2019arr\u00eater en si bon chemin. Je ne vais jamais jeter l\u2019\u00e9ponge pour faire plaisir \u00e0 mes d\u00e9tracteurs. La politique est le canal par lequel l\u2019on peut passer pour se faire entendre et apporter sa touche pour b\u00e2tir un Burkina o\u00f9 il fera bon vivre. N\u2019eut \u00e9t\u00e9 cela, beaucoup de gens ne m\u2019auraient pas connue. Dieu a voulu passer par tout ce que vous avez entendu, vu et lu pour faire de moi, Ra\u00efnatou Ou\u00e9draogo.<\/em><\/p>\n<p class=\"c4\"><strong>Ra\u00efnatou Ou\u00e9draogo sera-t-elle candidate aux prochaines municipales ou compte- t \u2013elle franchir un palier?<\/strong><\/p>\n<p class=\"c4\"><em>C\u2019est trop t\u00f4t pour r\u00e9pondre \u00e0 cette question, car cela ne d\u00e9pend pas uniquement de moi. J\u2019appartiens \u00e0 un parti politique, l\u2019Union pour le progr\u00e8s et le changement (UPC) et il revient aux militants et aux instances de ce parti d\u2019en d\u00e9cider le moment venu.<\/em><\/p>\n<p class=\"c4\"><strong>Votre mot de fin ?<\/strong><\/p>\n<p class=\"c4\"><em>Merci au Journal \u2018\u2019Le Pays\u2019\u2019 pour cette marque de consid\u00e9ration. Bon vent au fondateur et \u00e0 tout son personnel pour le travail abattu au quotidien pour informer les Burkinab\u00e8.<\/em><\/p>\n<p><strong>Propos recueillis par P.B.Winnnimi ILBOUDO (Correspondant)<\/strong><\/p>\n<p>Auteur: Le Pays<br \/>\n<a href=\"http:\/\/lepays.bf\/rainatou-ouedraogo-maire-de-larrondissement-3-de-ouagadougou-je-ne-jetterai-jamais-leponge-pour-faire-plaisir-a-mes-detracteurs\/\">Cliquez ici pour lire l&rsquo;article depuis sa source.<\/a><\/p>\n","protected":false},"excerpt":{"rendered":"<p>Pr\u00e9sente \u00e0 Gourcy le 4 mai 2019, pour la finale de la 5e \u00e9dition de \u00ab\u00a0Gourcy foot f\u00e9minin\u00a0\u00bb, Ra\u00efnatou Ou\u00e9draogo, maire de l\u2019arrondissement 3 de Ouagadougou, a bien voulu s\u2019entretenir avec nous \u00e0 l\u2019issue de ladite finale. Dans l\u2019interview qui suit, elle nous livre ses impressions sur le tournoi, donne sa lecture sur la crise [&hellip;]<\/p>\n","protected":false},"author":1813,"featured_media":33556,"comment_status":"closed","ping_status":"closed","sticky":false,"template":"","format":"standard","meta":{"fifu_image_url":"","fifu_image_alt":"","footnotes":""},"categories":[73,81],"tags":[],"class_list":["post-33555","post","type-post","status-publish","format-standard","has-post-thumbnail","hentry","category-actualite","category-burkina-faso"],"_links":{"self":[{"href":"https:\/\/linitiative.ca\/International\/wp-json\/wp\/v2\/posts\/33555","targetHints":{"allow":["GET"]}}],"collection":[{"href":"https:\/\/linitiative.ca\/International\/wp-json\/wp\/v2\/posts"}],"about":[{"href":"https:\/\/linitiative.ca\/International\/wp-json\/wp\/v2\/types\/post"}],"author":[{"embeddable":true,"href":"https:\/\/linitiative.ca\/International\/wp-json\/wp\/v2\/users\/1813"}],"replies":[{"embeddable":true,"href":"https:\/\/linitiative.ca\/International\/wp-json\/wp\/v2\/comments?post=33555"}],"version-history":[{"count":0,"href":"https:\/\/linitiative.ca\/International\/wp-json\/wp\/v2\/posts\/33555\/revisions"}],"wp:featuredmedia":[{"embeddable":true,"href":"https:\/\/linitiative.ca\/International\/wp-json\/"}],"wp:attachment":[{"href":"https:\/\/linitiative.ca\/International\/wp-json\/wp\/v2\/media?parent=33555"}],"wp:term":[{"taxonomy":"category","embeddable":true,"href":"https:\/\/linitiative.ca\/International\/wp-json\/wp\/v2\/categories?post=33555"},{"taxonomy":"post_tag","embeddable":true,"href":"https:\/\/linitiative.ca\/International\/wp-json\/wp\/v2\/tags?post=33555"}],"curies":[{"name":"wp","href":"https:\/\/api.w.org\/{rel}","templated":true}]}}