{"id":33557,"date":"2019-05-10T16:04:21","date_gmt":"2019-05-10T20:04:21","guid":{"rendered":"https:\/\/linitiative.ca\/International\/crise-a-la-poste-apres-avoir-chasse-le-dg-de-son-bureau-les-travailleurs-reclament-sa-tete\/"},"modified":"2019-05-10T16:04:21","modified_gmt":"2019-05-10T20:04:21","slug":"crise-a-la-poste-apres-avoir-chasse-le-dg-de-son-bureau-les-travailleurs-reclament-sa-tete","status":"publish","type":"post","link":"https:\/\/linitiative.ca\/International\/crise-a-la-poste-apres-avoir-chasse-le-dg-de-son-bureau-les-travailleurs-reclament-sa-tete\/","title":{"rendered":"CRISE A LA POSTE.  : Apr\u00e8s avoir chass\u00e9 le DG de son bureau, les travailleurs r\u00e9clament sa t\u00eate"},"content":{"rendered":"<header>\n<\/header>\n<div class=\"entry-content clearfix\" readability=\"66\"><img decoding=\"async\" class=\"post_layout_5_img\" src=\"http:\/\/lepays.bf\/wp-content\/uploads\/2017\/07\/lepaysresponsive.png\" alt=\"CRISE A LA POSTE. : Apr\u00e8s avoir chass\u00e9 le DG de son bureau, les travailleurs r\u00e9clament sa t\u00eate\"\/><\/p>\n<p class=\"c4\"><strong>Depuis le lundi 6 mai dernier, la Poste Burkina Faso travaille sur fond de soubresauts. Le pic du mouvement d\u2019humeur a \u00e9t\u00e9 enregistr\u00e9 le mercredi 8 mai dernier, avec l\u2019exfiltration du directeur g\u00e9n\u00e9ral de son bureau. Apr\u00e8s \u00ab\u00a0la chaude journ\u00e9e du mercredi\u00a0\u00bb, les travailleurs \u00e9taient en sit-in dans la cour de la Direction g\u00e9n\u00e9rale de la Poste \u00e0 Ouagadougou, le 9 mai 2019.<\/strong><\/p>\n<p class=\"c4\"><em>A notre arriv\u00e9e \u00e0 la Direction g\u00e9n\u00e9rale de la Poste dans la matin\u00e9e du 9 mai, les travailleurs ont d\u00e9sert\u00e9 leurs bureaux. Ils ont pris place dans la cour de la Poste o\u00f9 ils sont entretenus par des baffles qui distillent de la musique sur fond de revendications. S\u2019adressant aux travailleurs, Gilbert Goh, secr\u00e9taire g\u00e9n\u00e9ral du Syndicat des travailleurs de la Poste (SYNTRAPOST), les invite \u00e0 ne \u00ab pas baisser les bras \u00bb. \u00ab Il faut maintenir le cap. L\u2019objectif, c\u2019est l\u2019adoption du statut \u00bb, dit-il. C\u2019est aussi \u00e0 cette tribune que le SG a fait le point de la rencontre qui a eu lieu dans la soir\u00e9e du 8 mai. Et il affirme qu\u2019au cours de la rencontre avec le ministre en charge des postes, il leur a \u00e9t\u00e9 demand\u00e9 de laisser le directeur g\u00e9n\u00e9ral, Nabi Issa Coulibaly, r\u00e9int\u00e9grer son bureau mais le syndicat a r\u00e9pondu par la n\u00e9gative en laissant entendre que les travailleurs r\u00e9clament la d\u00e9mission dudit directeur. Est-ce que c\u2019\u00e9tait la revendication premi\u00e8re du personnel ? \u00ab Non \u00bb, r\u00e9plique-t-il tout en pr\u00e9cisant : \u00ab on n\u2019est pas auteur de ce qui est arriv\u00e9 hier (ndlr : 8 mai), mais on ne se d\u00e9douane pas \u00bb. Toujours est-il que \u00ab depuis 2018, nous avons interpell\u00e9 la hi\u00e9rarchie par rapport \u00e0 la situation qui pr\u00e9valait \u00e0 la poste \u00bb, insiste le secr\u00e9taire g\u00e9n\u00e9ral qui affirme que \u00ab ce qui est arriv\u00e9 \u00e0 la Poste est comme l\u2019Insurrection des 30 et 31 octobre. Nous sommes sortis pour l\u2019adoption du statut. Et comme il y a eu une crise de confiance entre le directeur g\u00e9n\u00e9ral et les travailleurs, les agents l\u2019ont manifest\u00e9 hier (ndlr : 8 mai 2019) \u00bb. Et Gilbert Goh tient \u00e0 pr\u00e9ciser que ce qui est arriv\u00e9 \u00e0 la Poste \u00ab est un cas d\u2019\u00e9cole qui va amener certains \u00e0 savoir se comporter en entreprise \u00bb. \u00ab Mais quels sont les griefs \u00e0 encontre du directeur g\u00e9n\u00e9ral ? \u00bb, avons-nous cherch\u00e9 \u00e0 savoir. Gilbert Goh \u00e9graine ce qui est retenu contre le directeur g\u00e9n\u00e9ral : \u00ab un m\u00e9pris \u00e0 l\u2019endroit du personnel, pas de consid\u00e9ration \u00e0 leur endroit, pas d\u2019humilit\u00e9, de l\u2019arrogance de la part du directeur g\u00e9n\u00e9ral \u00bb. Nous faisons savoir au secr\u00e9taire g\u00e9n\u00e9ral qu\u2019il ressort que c\u2019est parce que le directeur g\u00e9n\u00e9ral ne veut pas de laxisme et de laisser-aller \u00e0 la Poste, que certains agents sont remont\u00e9s contre lui. Le secr\u00e9taire g\u00e9n\u00e9ral du SYNATRAPOST r\u00e9torque : \u00ab ceux qui ont dit cela ne sont pas dans cette bo\u00eete. Sinon, il n\u2019y a pas quelqu\u2019un qui veut qu\u2019il y ait du laxisme dans son service. Nous nous battons pour de meilleures conditions de vie et de travail des agents \u00bb.\u00a0<\/em> <em>Pour la suite, \u00ab nous attendons la r\u00e9action des autorit\u00e9s \u00bb qui ont confi\u00e9 que le statut sera examin\u00e9 le 14 mai. \u00abC\u2019est un langage politicien. Nous n\u2019allons pas verser dans le discours politicien et nous n\u2019allons pas baisser les bras \u00bb, mart\u00e8le Gilbert Goh.<\/em><\/p>\n<p class=\"c4\"><strong>Fran\u00e7oise DEMBELE<\/strong><\/p>\n<\/div>\n<p>Auteur: Le Pays<br \/>\n<a href=\"http:\/\/lepays.bf\/crise-a-la-poste-apres-avoir-chasse-le-dg-de-son-bureau-les-travailleurs-reclament-sa-tete\/\">Cliquez ici pour lire l&rsquo;article depuis sa source.<\/a><\/p>\n","protected":false},"excerpt":{"rendered":"<p>Depuis le lundi 6 mai dernier, la Poste Burkina Faso travaille sur fond de soubresauts. Le pic du mouvement d\u2019humeur a \u00e9t\u00e9 enregistr\u00e9 le mercredi 8 mai dernier, avec l\u2019exfiltration du directeur g\u00e9n\u00e9ral de son bureau. Apr\u00e8s \u00ab\u00a0la chaude journ\u00e9e du mercredi\u00a0\u00bb, les travailleurs \u00e9taient en sit-in dans la cour de la Direction g\u00e9n\u00e9rale de [&hellip;]<\/p>\n","protected":false},"author":1813,"featured_media":33558,"comment_status":"closed","ping_status":"closed","sticky":false,"template":"","format":"standard","meta":{"fifu_image_url":"","fifu_image_alt":"","footnotes":""},"categories":[73,81],"tags":[],"class_list":["post-33557","post","type-post","status-publish","format-standard","has-post-thumbnail","hentry","category-actualite","category-burkina-faso"],"_links":{"self":[{"href":"https:\/\/linitiative.ca\/International\/wp-json\/wp\/v2\/posts\/33557","targetHints":{"allow":["GET"]}}],"collection":[{"href":"https:\/\/linitiative.ca\/International\/wp-json\/wp\/v2\/posts"}],"about":[{"href":"https:\/\/linitiative.ca\/International\/wp-json\/wp\/v2\/types\/post"}],"author":[{"embeddable":true,"href":"https:\/\/linitiative.ca\/International\/wp-json\/wp\/v2\/users\/1813"}],"replies":[{"embeddable":true,"href":"https:\/\/linitiative.ca\/International\/wp-json\/wp\/v2\/comments?post=33557"}],"version-history":[{"count":0,"href":"https:\/\/linitiative.ca\/International\/wp-json\/wp\/v2\/posts\/33557\/revisions"}],"wp:featuredmedia":[{"embeddable":true,"href":"https:\/\/linitiative.ca\/International\/wp-json\/"}],"wp:attachment":[{"href":"https:\/\/linitiative.ca\/International\/wp-json\/wp\/v2\/media?parent=33557"}],"wp:term":[{"taxonomy":"category","embeddable":true,"href":"https:\/\/linitiative.ca\/International\/wp-json\/wp\/v2\/categories?post=33557"},{"taxonomy":"post_tag","embeddable":true,"href":"https:\/\/linitiative.ca\/International\/wp-json\/wp\/v2\/tags?post=33557"}],"curies":[{"name":"wp","href":"https:\/\/api.w.org\/{rel}","templated":true}]}}