{"id":33560,"date":"2019-05-10T10:44:22","date_gmt":"2019-05-10T14:44:22","guid":{"rendered":"https:\/\/linitiative.ca\/International\/terrorisme-liberation-des-quatre-otages-dont-deux-francais-enleves-au-benin\/"},"modified":"2019-05-10T10:44:22","modified_gmt":"2019-05-10T14:44:22","slug":"terrorisme-liberation-des-quatre-otages-dont-deux-francais-enleves-au-benin","status":"publish","type":"post","link":"https:\/\/linitiative.ca\/International\/terrorisme-liberation-des-quatre-otages-dont-deux-francais-enleves-au-benin\/","title":{"rendered":"Terrorisme\u00a0: lib\u00e9ration des quatre otages dont deux Fran\u00e7ais enlev\u00e9s au B\u00e9nin"},"content":{"rendered":"<div class=\"td-post-featured-image\"><a href=\"https:\/\/i2.wp.com\/www.sidwaya.info\/wp-content\/uploads\/2019\/05\/ph-francais.jpg?fit=640%2C308&#038;ssl=1\" data-caption=\"\"><img loading=\"lazy\" decoding=\"async\" width=\"640\" height=\"308\" class=\"entry-thumb td-modal-image\" src=\"https:\/\/i2.wp.com\/www.sidwaya.info\/wp-content\/uploads\/2019\/05\/ph-francais.jpg?resize=640%2C308&#038;ssl=1\" srcset=\"https:\/\/i2.wp.com\/www.sidwaya.info\/wp-content\/uploads\/2019\/05\/ph-francais.jpg?w=640&#038;ssl=1 640w, https:\/\/i2.wp.com\/www.sidwaya.info\/wp-content\/uploads\/2019\/05\/ph-francais.jpg?resize=300%2C144&#038;ssl=1 300w\" sizes=\"auto, (max-width: 640px) 100vw, 640px\" alt=\"\" title=\"ph francais\"\/><\/a><\/div>\n<div class=\"td-a-rec td-a-rec-id-content_top td_uid_30_5cd5f0a6bf1bb_rand td_block_template_1\"><img loading=\"lazy\" decoding=\"async\" class=\"aligncenter size-full wp-image-4463\" src=\"https:\/\/www.sidwaya.info\/wp-content\/uploads\/2019\/02\/FESPACO-TOUR-2019-Bannie%CC%80re-728x90-1.jpg\" alt=\"\" width=\"728\" height=\"90\"\/><\/div>\n<p><strong>Dans un communiqu\u00e9, l\u2019Elys\u00e9e a annonc\u00e9 la lib\u00e9ration des deux Fran\u00e7ais enlev\u00e9s au B\u00e9nin et de deux autres otages, une Am\u00e9ricaine et une Sud-cor\u00e9enne, au cours d\u2019une op\u00e9ration des forces sp\u00e9ciales. Voici le communiqu\u00e9 en int\u00e9gralit\u00e9.<\/strong><\/p>\n<p>\u00ab\u00a0Le Pr\u00e9sident de la R\u00e9publique se f\u00e9licite de la lib\u00e9ration de quatre otages au Sahel, dont nos deux compatriotes, M.\u00a0Patrick Picque et M.\u00a0Laurent Lassimouillas, enlev\u00e9s le 1er mai dernier au B\u00e9nin. Il s\u2019associe au soulagement de leurs familles \u00e0 l\u2019occasion de leur prochain retour en France. Outre les deux otages fran\u00e7ais, une citoyenne am\u00e9ricaine et une ressortissante sud-cor\u00e9enne ont \u00e9galement \u00e9t\u00e9 lib\u00e9r\u00e9es.<\/p>\n<p>Cette lib\u00e9ration a pu \u00eatre obtenue gr\u00e2ce \u00e0 une op\u00e9ration militaire, conduite par les forces fran\u00e7aises dans la nuit de jeudi \u00e0 vendredi, au nord du Burkina Faso. Au cours de celle-ci, deux militaires ont trouv\u00e9 la mort au combat, le ma\u00eetre C\u00e9dric de Pierrepont et le ma\u00eetre Alain Bertoncello, tous deux officiers mariniers au sein du commandement des op\u00e9rations sp\u00e9ciales.<\/p>\n<p>Le Pr\u00e9sident de la R\u00e9publique tient \u00e0 f\u00e9liciter les arm\u00e9es fran\u00e7aises pour la lib\u00e9ration de ces otages, et y associe tous ceux qui ont \u0153uvr\u00e9 avec elles. Il s\u2019incline avec \u00e9motion et gravit\u00e9 devant le sacrifice de nos deux militaires, qui ont donn\u00e9 leur vie pour sauver celles de nos concitoyens. Il adresse ses sinc\u00e8res condol\u00e9ances \u00e0 leurs familles, \u00e0 leurs amis, ainsi qu\u2019\u00e0 leurs fr\u00e8res d\u2019armes, et leur t\u00e9moigne de toute la solidarit\u00e9 de la Nation dans ces moments difficiles.<\/p>\n<p>Le Pr\u00e9sident de la R\u00e9publique remercie \u00e9galement les autorit\u00e9s b\u00e9ninoises et burkinab\u00e8 pour leur parfaite coop\u00e9ration. Il les assure de l\u2019enti\u00e8re volont\u00e9 de la France \u00e0 les aider dans leur lutte contre le terrorisme au Sahel.\u00a0\u00bb<\/p>\n<div class=\"td-a-rec td-a-rec-id-content_bottom td_uid_31_5cd5f0a6bf36c_rand td_block_template_1\"><img loading=\"lazy\" decoding=\"async\" class=\"alignright size-full wp-image-1724\" src=\"https:\/\/www.sidwaya.info\/wp-content\/uploads\/2018\/12\/sidwaya-pub.jpg\" alt=\"\" width=\"720\" height=\"90\"\/><\/div>\n<p>Auteur: Wamini SIDWAYA<br \/>\n<a href=\"https:\/\/www.sidwaya.info\/blog\/2019\/05\/10\/terrorisme-liberation-des-quatre-otages-dont-deux-francais-enleves-au-benin\/\">Cliquez ici pour lire l&rsquo;article depuis sa source.<\/a><\/p>\n","protected":false},"excerpt":{"rendered":"<p>Dans un communiqu\u00e9, l\u2019Elys\u00e9e a annonc\u00e9 la lib\u00e9ration des deux Fran\u00e7ais enlev\u00e9s au B\u00e9nin et de deux autres otages, une Am\u00e9ricaine et une Sud-cor\u00e9enne, au cours d\u2019une op\u00e9ration des forces sp\u00e9ciales. Voici le communiqu\u00e9 en int\u00e9gralit\u00e9. \u00ab\u00a0Le Pr\u00e9sident de la R\u00e9publique se f\u00e9licite de la lib\u00e9ration de quatre otages au Sahel, dont nos deux compatriotes, [&hellip;]<\/p>\n","protected":false},"author":1816,"featured_media":0,"comment_status":"closed","ping_status":"closed","sticky":false,"template":"","format":"standard","meta":{"fifu_image_url":"","fifu_image_alt":"","footnotes":""},"categories":[73,81],"tags":[],"class_list":["post-33560","post","type-post","status-publish","format-standard","hentry","category-actualite","category-burkina-faso"],"_links":{"self":[{"href":"https:\/\/linitiative.ca\/International\/wp-json\/wp\/v2\/posts\/33560","targetHints":{"allow":["GET"]}}],"collection":[{"href":"https:\/\/linitiative.ca\/International\/wp-json\/wp\/v2\/posts"}],"about":[{"href":"https:\/\/linitiative.ca\/International\/wp-json\/wp\/v2\/types\/post"}],"author":[{"embeddable":true,"href":"https:\/\/linitiative.ca\/International\/wp-json\/wp\/v2\/users\/1816"}],"replies":[{"embeddable":true,"href":"https:\/\/linitiative.ca\/International\/wp-json\/wp\/v2\/comments?post=33560"}],"version-history":[{"count":0,"href":"https:\/\/linitiative.ca\/International\/wp-json\/wp\/v2\/posts\/33560\/revisions"}],"wp:attachment":[{"href":"https:\/\/linitiative.ca\/International\/wp-json\/wp\/v2\/media?parent=33560"}],"wp:term":[{"taxonomy":"category","embeddable":true,"href":"https:\/\/linitiative.ca\/International\/wp-json\/wp\/v2\/categories?post=33560"},{"taxonomy":"post_tag","embeddable":true,"href":"https:\/\/linitiative.ca\/International\/wp-json\/wp\/v2\/tags?post=33560"}],"curies":[{"name":"wp","href":"https:\/\/api.w.org\/{rel}","templated":true}]}}