{"id":33562,"date":"2019-05-10T13:57:45","date_gmt":"2019-05-10T17:57:45","guid":{"rendered":"https:\/\/linitiative.ca\/International\/promotion-de-lagriculture-familiale-un-nouveau-programme-en-vue\/"},"modified":"2019-05-10T13:57:45","modified_gmt":"2019-05-10T17:57:45","slug":"promotion-de-lagriculture-familiale-un-nouveau-programme-en-vue","status":"publish","type":"post","link":"https:\/\/linitiative.ca\/International\/promotion-de-lagriculture-familiale-un-nouveau-programme-en-vue\/","title":{"rendered":"Promotion de l\u2019agriculture familiale\u00a0: Un nouveau programme en vue"},"content":{"rendered":"<div class=\"td-a-rec td-a-rec-id-content_top td_uid_30_5cd5f0ae3ac32_rand td_block_template_1\"><img loading=\"lazy\" decoding=\"async\" class=\"aligncenter size-full wp-image-4463\" src=\"https:\/\/www.sidwaya.info\/wp-content\/uploads\/2019\/02\/FESPACO-TOUR-2019-Bannie%CC%80re-728x90-1.jpg\" alt=\"\" width=\"728\" height=\"90\"\/><\/div>\n<p><strong>Une d\u00e9l\u00e9gation de SOS Sahel international Burkina Faso et France a pr\u00e9sent\u00e9 au pr\u00e9sident du Faso, l\u2019initiative verte pour le sahel, le 10 mai 2019\u00a0 \u00e0 Ouagadougou.<\/strong><\/p>\n<p>En amont\u00a0 de la pr\u00e9paration du sommet du G7, r\u00e9unissant les\u00a0 pays r\u00e9put\u00e9s \u00eatre les plus grandes puissances avanc\u00e9es du monde, le\u00a0 d\u00e9l\u00e9gu\u00e9 \u00a0g\u00e9n\u00e9ral\u00a0 de SOS sahel international France, R\u00e9mi H\u00e9merick,\u00a0 \u00e0 la t\u00eate d\u2019une d\u00e9l\u00e9gation \u00a0compos\u00e9e du repr\u00e9sentant\u00a0 du parrain de l\u2019ONG et du pr\u00e9sident du conseil d\u2019administration de SOS Sahel international Burkina Faso,\u00a0 est venu pr\u00e9senter, au chef de l\u2019Etat, Roch Marc Christian Kabor\u00e9, un programme qu\u2019il compte d\u00e9fendre lors de cette rencontre. C\u2019\u00e9tait au cours d\u2019une audience le vendredi 10 mai 2019 \u00e0 Ouagadougou. A l\u2019entendre, il s\u2019agit de l\u2019initiative\u00a0 verte pour le sahel \u00a0 d\u00e9velopp\u00e9e en partenariat avec l\u2019ONG allemande Welthungerhilffe.\u00a0 \u00ab\u00a0<em>Elle vise \u00e0 porter \u00e0 grande \u00e9chelle\u00a0 les solutions\u00a0 concr\u00e8tes et \u00e9prouv\u00e9es\u00a0 pour l\u2019agriculture\u00a0 familiale sah\u00e9lienne et\u00a0 apporter une contribution significative\u00a0 \u00e0 la r\u00e9alisation\u00a0 de la grande muraille verte\u00a0<\/em>\u00bb, a expliqu\u00e9\u00a0 R\u00e9mi H\u00e9merick \u00e0 sa sortie d\u2019audience.\u00a0 Selon lui, ce programme repose sur 4 leviers principaux \u00a0\u00e0 savoir la gouvernance locale; la restauration des terres, des for\u00eats et promotion de l\u2019irrigation;\u00a0 la cr\u00e9ation\u00a0 de 90 centres\u00a0 de services\u00a0 et de 6 acad\u00e9mies de formation sur l\u2019\u00e9nergie solaire\u00a0 enfin l\u2019appui \u00e0 6 fili\u00e8res de production dont le s\u00e9same, la gomme arabique. L\u2019initiative verte pour l\u2019Afrique va \u00eatre mise en \u0153uvre\u00a0 dans\u00a0\u00a0 6 pays: le Burkina Faso,\u00a0 la Mauritanie, \u00a0le Mali, le Niger, le S\u00e9n\u00e9gal et le Tchad. \u00a0\u00a0\u00a0\u00ab<em>\u00a0Il vise\u00a0 la cr\u00e9ation\u00a0 et la p\u00e9rennisation de 573000 emplois durables\u00a0 dans le secteur rural et l\u2019insertion de 7000 emplois jeunes qualifi\u00e9s\u00a0<\/em>\u00bb,a-t-il poursuivi.<\/p>\n<p>SOS Sahel\u00a0 est une ONG internationale africaine\u00a0 fond\u00e9e au S\u00e9n\u00e9gal\u00a0 en 1976. Elle \u0153uvre dans 11 pays de\u00a0 la bande sah\u00e9lienne\u00a0 du S\u00e9n\u00e9gal \u00e0 Djibouti. Ses actions visent \u00e0 \u00e9tablir des\u00a0 syst\u00e8mes agraires performants\u00a0 adapt\u00e9s\u00a0 aux contextes\u00a0 locaux et aux changements\u00a0 climatiques.<\/p>\n<p class=\"c1\"><strong>Nad\u00e8ge YE<\/strong><\/p>\n<div class=\"td-a-rec td-a-rec-id-content_bottom td_uid_31_5cd5f0ae3add4_rand td_block_template_1\"><img loading=\"lazy\" decoding=\"async\" class=\"alignright size-full wp-image-1724\" src=\"https:\/\/www.sidwaya.info\/wp-content\/uploads\/2018\/12\/sidwaya-pub.jpg\" alt=\"\" width=\"720\" height=\"90\"\/><\/div>\n<p>Auteur: Wamini SIDWAYA<br \/>\n<a href=\"https:\/\/www.sidwaya.info\/blog\/2019\/05\/10\/promotion-de-lagriculture-familiale-un-nouveau-programme-en-vue\/\">Cliquez ici pour lire l&rsquo;article depuis sa source.<\/a><\/p>\n","protected":false},"excerpt":{"rendered":"<p>Une d\u00e9l\u00e9gation de SOS Sahel international Burkina Faso et France a pr\u00e9sent\u00e9 au pr\u00e9sident du Faso, l\u2019initiative verte pour le sahel, le 10 mai 2019\u00a0 \u00e0 Ouagadougou. En amont\u00a0 de la pr\u00e9paration du sommet du G7, r\u00e9unissant les\u00a0 pays r\u00e9put\u00e9s \u00eatre les plus grandes puissances avanc\u00e9es du monde, le\u00a0 d\u00e9l\u00e9gu\u00e9 \u00a0g\u00e9n\u00e9ral\u00a0 de SOS sahel international [&hellip;]<\/p>\n","protected":false},"author":1816,"featured_media":33563,"comment_status":"closed","ping_status":"closed","sticky":false,"template":"","format":"standard","meta":{"fifu_image_url":"","fifu_image_alt":"","footnotes":""},"categories":[73,81],"tags":[],"class_list":["post-33562","post","type-post","status-publish","format-standard","has-post-thumbnail","hentry","category-actualite","category-burkina-faso"],"_links":{"self":[{"href":"https:\/\/linitiative.ca\/International\/wp-json\/wp\/v2\/posts\/33562","targetHints":{"allow":["GET"]}}],"collection":[{"href":"https:\/\/linitiative.ca\/International\/wp-json\/wp\/v2\/posts"}],"about":[{"href":"https:\/\/linitiative.ca\/International\/wp-json\/wp\/v2\/types\/post"}],"author":[{"embeddable":true,"href":"https:\/\/linitiative.ca\/International\/wp-json\/wp\/v2\/users\/1816"}],"replies":[{"embeddable":true,"href":"https:\/\/linitiative.ca\/International\/wp-json\/wp\/v2\/comments?post=33562"}],"version-history":[{"count":0,"href":"https:\/\/linitiative.ca\/International\/wp-json\/wp\/v2\/posts\/33562\/revisions"}],"wp:featuredmedia":[{"embeddable":true,"href":"https:\/\/linitiative.ca\/International\/wp-json\/"}],"wp:attachment":[{"href":"https:\/\/linitiative.ca\/International\/wp-json\/wp\/v2\/media?parent=33562"}],"wp:term":[{"taxonomy":"category","embeddable":true,"href":"https:\/\/linitiative.ca\/International\/wp-json\/wp\/v2\/categories?post=33562"},{"taxonomy":"post_tag","embeddable":true,"href":"https:\/\/linitiative.ca\/International\/wp-json\/wp\/v2\/tags?post=33562"}],"curies":[{"name":"wp","href":"https:\/\/api.w.org\/{rel}","templated":true}]}}