{"id":33569,"date":"2019-05-10T13:12:40","date_gmt":"2019-05-10T17:12:40","guid":{"rendered":"https:\/\/linitiative.ca\/International\/crise-anglophone-mrc-les-usa-tiennent-le-gouvernement-du-cameroun-pour-responsable\/"},"modified":"2019-05-10T13:12:40","modified_gmt":"2019-05-10T17:12:40","slug":"crise-anglophone-mrc-les-usa-tiennent-le-gouvernement-du-cameroun-pour-responsable","status":"publish","type":"post","link":"https:\/\/linitiative.ca\/International\/crise-anglophone-mrc-les-usa-tiennent-le-gouvernement-du-cameroun-pour-responsable\/","title":{"rendered":"Crise anglophone \u2013 Mrc : les Usa tiennent le gouvernement du Cameroun pour responsable"},"content":{"rendered":"<div readability=\"32\">\n<p>Publi\u00e9 le 10.05.2019 \u00e0 18h12 par journal du Cameroun<\/p>\n<\/div>\n<div readability=\"74.3279729158\">\n<h2 class=\"c2\">Ce rappel est contenu dans une r\u00e9solution du S\u00e9nat am\u00e9ricain sur la situation sociopolitique au Cameroun.<\/h2>\n<p class=\"c3\">Les \u00e9lus am\u00e9ricains ont exprim\u00e9 leurs pr\u00e9occupations sur la d\u00e9t\u00e9rioration de la situation sociopolitique au <strong>Cameroun<\/strong>.<\/p>\n<p class=\"c3\">Dans une r\u00e9solution adopt\u00e9e ce 10 mai 2019, <strong>le S\u00e9nat des Etats-Unis<\/strong> focalise ses inqui\u00e9tudes sur la <strong>crise anglophone<\/strong> et les obstructions r\u00e9p\u00e9t\u00e9es aux libert\u00e9s, notamment l\u2019incarc\u00e9ration de l\u2019un des principaux opposants au r\u00e9gime de Yaound\u00e9, <strong>Maurice Kamto<\/strong>, incarc\u00e9r\u00e9 depuis le mois de janvier 2019 avec une centaine de ses partisans.<\/p>\n<p class=\"c3\">Pour les s\u00e9nateurs am\u00e9ricains, les <em>\u00ab\u00a0\u00c9tats-Unis continuent de tenir le gouvernement du <strong>Cameroun<\/strong> pour responsable du respect des droits de tous les citoyens, quelles que soient leurs opinions ou convictions politiques ou la r\u00e9gion dans laquelle ils r\u00e9sident, conform\u00e9ment aux obligations internationales du Cameroun et \u00e0 la propre Constitution du Cameroun\u00a0\u00bb<\/em>.<\/p>\n<p class=\"c3\">Le S\u00e9nat am\u00e9ricain condamne les violences dans les r\u00e9gions anglophones et appelle \u00ab\u00a0le gouvernement camerounais et les groupes arm\u00e9s \u00e0 respecter les droits humains de tous les citoyens camerounais, \u00e0 mettre un terme \u00e0 toutes les violences et \u00e0 engager un dialogue large, sans condition pr\u00e9alable, pour r\u00e9soudre le conflit dans les <strong>r\u00e9gions du Nord-Ouest et du Sud-Ouest\u00a0<\/strong>\u00bb.<\/p>\n<p>Lire aussi ::\u00a0<a href=\"https:\/\/www.journalducameroun.com\/fr\/cameroun-lunion-europeenne-regrette-le-climat-repressif-qui-regne-cameroun-crise-anglophone\/\" target=\"_blank\" rel=\"noopener noreferrer\">Cameroun\u00a0: l\u2019Union europ\u00e9enne \u00ab\u00a0regrette le climat r\u00e9pressif qui r\u00e8gne\u00a0\u00bb<\/a><\/p>\n<p><ins data-revive-zoneid=\"9\" data-revive-id=\"10111e19d28d19d031742ee3b0b33eb0\"\/> <\/p>\n<p class=\"c3\">La Chambre des repr\u00e9sentants des Etats-Unis demande d\u2019<em>\u00ab\u00a0engager un dialogue \u00e9largi sans condition pr\u00e9alable et faire un effort de foi cr\u00e9dible pour travailler avec les chefs religieux et communautaires de la r\u00e9gion anglophone afin de r\u00e9gler les griefs et de rechercher des solutions non violentes pour r\u00e9soudre les conflits et des r\u00e9formes constitutionnelles susceptibles de prot\u00e9ger les pr\u00e9occupations des minorit\u00e9s\u00a0\u00bb<\/em>.<\/p>\n<p class=\"c3\">Par ailleurs, le S\u00e9nat <em>\u00ab\u00a0exhorte toutes les parties, y compris les groupes d\u2019opposition politique, \u00e0 faire preuve de retenue et \u00e0 veiller \u00e0 ce que les manifestations restent pacifiques\u00a0\u00bb.<\/em><\/p>\n<p class=\"c3\">Une demande de lib\u00e9ration de tous les prisonniers d\u00e9tenus dans le cadre de la crise anglophone et des manifestations du Mrc est \u00e9galement formul\u00e9e au <strong>gouvernement du Cameroun<\/strong>.<\/p>\n<p class=\"c3\">Les <strong>groupes s\u00e9paratistes<\/strong> sont par la m\u00eame occasion appel\u00e9s \u00e0 dialoguer sans condition avec le gouvernement.<\/p>\n<\/div>\n<p>Auteur: Ludovic Amara<br \/>\n<a href=\"https:\/\/www.journalducameroun.com\/fr\/crise-anglophone-mrc-les-usa-tiennent-le-gouvernement-du-cameroun-pour-responsable-cameroun\/\">Cliquez ici pour lire l&rsquo;article depuis sa source.<\/a><\/p>\n","protected":false},"excerpt":{"rendered":"<p>Publi\u00e9 le 10.05.2019 \u00e0 18h12 par journal du Cameroun Ce rappel est contenu dans une r\u00e9solution du S\u00e9nat am\u00e9ricain sur la situation sociopolitique au Cameroun. Les \u00e9lus am\u00e9ricains ont exprim\u00e9 leurs pr\u00e9occupations sur la d\u00e9t\u00e9rioration de la situation sociopolitique au Cameroun. Dans une r\u00e9solution adopt\u00e9e ce 10 mai 2019, le S\u00e9nat des Etats-Unis focalise ses [&hellip;]<\/p>\n","protected":false},"author":1965,"featured_media":0,"comment_status":"closed","ping_status":"closed","sticky":false,"template":"","format":"standard","meta":{"fifu_image_url":"","fifu_image_alt":"","footnotes":""},"categories":[73,82],"tags":[],"class_list":["post-33569","post","type-post","status-publish","format-standard","hentry","category-actualite","category-cameroun"],"_links":{"self":[{"href":"https:\/\/linitiative.ca\/International\/wp-json\/wp\/v2\/posts\/33569","targetHints":{"allow":["GET"]}}],"collection":[{"href":"https:\/\/linitiative.ca\/International\/wp-json\/wp\/v2\/posts"}],"about":[{"href":"https:\/\/linitiative.ca\/International\/wp-json\/wp\/v2\/types\/post"}],"author":[{"embeddable":true,"href":"https:\/\/linitiative.ca\/International\/wp-json\/wp\/v2\/users\/1965"}],"replies":[{"embeddable":true,"href":"https:\/\/linitiative.ca\/International\/wp-json\/wp\/v2\/comments?post=33569"}],"version-history":[{"count":0,"href":"https:\/\/linitiative.ca\/International\/wp-json\/wp\/v2\/posts\/33569\/revisions"}],"wp:attachment":[{"href":"https:\/\/linitiative.ca\/International\/wp-json\/wp\/v2\/media?parent=33569"}],"wp:term":[{"taxonomy":"category","embeddable":true,"href":"https:\/\/linitiative.ca\/International\/wp-json\/wp\/v2\/categories?post=33569"},{"taxonomy":"post_tag","embeddable":true,"href":"https:\/\/linitiative.ca\/International\/wp-json\/wp\/v2\/tags?post=33569"}],"curies":[{"name":"wp","href":"https:\/\/api.w.org\/{rel}","templated":true}]}}