{"id":33570,"date":"2019-05-10T14:18:02","date_gmt":"2019-05-10T18:18:02","guid":{"rendered":"https:\/\/linitiative.ca\/International\/guinee-lancement-du-38eme-concours-national-de-memorisation-du-coran\/"},"modified":"2019-05-10T14:18:02","modified_gmt":"2019-05-10T18:18:02","slug":"guinee-lancement-du-38eme-concours-national-de-memorisation-du-coran","status":"publish","type":"post","link":"https:\/\/linitiative.ca\/International\/guinee-lancement-du-38eme-concours-national-de-memorisation-du-coran\/","title":{"rendered":"Guin\u00e9e : lancement du 38\u00e8me concours national de m\u00e9morisation du Coran"},"content":{"rendered":"<div readability=\"32\">\n<p>Publi\u00e9 le 10.05.2019 \u00e0 19h18 par APA News<\/p>\n<\/div>\n<div readability=\"51\">\n<p>Le Premier ministre guin\u00e9en, Dr Ibrahima Kassory Fofana a lanc\u00e9, vendredi \u00e0 Conakry, la 38e \u00e9dition du concours national de lecture, d\u2019interpr\u00e9tation et de m\u00e9morisation du saint Coran.Selon Dr Fofana, ce concours s\u2019inscrit en droite ligne des pr\u00e9occupations du gouvernement et du pr\u00e9sident de la R\u00e9publique qui font de l\u2019enseignement et de l\u2019\u00e9ducation une priorit\u00e9.<\/p>\n<p>\u00ab L\u2019interpr\u00e9tation du saint Coran est partie int\u00e9grante de l\u2019\u00e9ducation par sa contribution significative \u00e0 l\u2019\u00e9ducation morale et spirituelle du citoyen \u00bb, a affirm\u00e9 le chef du Gouvernement, indiquant que cette rencontre autour des imams de mosqu\u00e9es des 5 communes de Conakry \u00ab doit \u00eatre mise \u00e0 profit pour le renforcement des actions des affaires religieuses et l\u2019\u00e9ducation de la jeunesse musulmane de Guin\u00e9e, filles et gar\u00e7ons venus des 33 pr\u00e9fectures du pays et des 5 communes de Conakry ainsi que des centres et foyers coraniques \u00bb.<\/p>\n<p><ins data-revive-zoneid=\"9\" data-revive-id=\"10111e19d28d19d031742ee3b0b33eb0\"\/> <\/p>\n<p>Cette ann\u00e9e, 156 candidats prennent part \u00e0 ce concours qui dure une semaine.<\/p>\n<\/div>\n<p>Auteur: APA News<br \/>\n<a href=\"https:\/\/www.journalducameroun.com\/fr\/guinee-lancement-du-38eme-concours-national-de-memorisation-du-coran\/\">Cliquez ici pour lire l&rsquo;article depuis sa source.<\/a><\/p>\n","protected":false},"excerpt":{"rendered":"<p>Publi\u00e9 le 10.05.2019 \u00e0 19h18 par APA News Le Premier ministre guin\u00e9en, Dr Ibrahima Kassory Fofana a lanc\u00e9, vendredi \u00e0 Conakry, la 38e \u00e9dition du concours national de lecture, d\u2019interpr\u00e9tation et de m\u00e9morisation du saint Coran.Selon Dr Fofana, ce concours s\u2019inscrit en droite ligne des pr\u00e9occupations du gouvernement et du pr\u00e9sident de la R\u00e9publique qui [&hellip;]<\/p>\n","protected":false},"author":1965,"featured_media":0,"comment_status":"closed","ping_status":"closed","sticky":false,"template":"","format":"standard","meta":{"fifu_image_url":"","fifu_image_alt":"","footnotes":""},"categories":[73,82],"tags":[],"class_list":["post-33570","post","type-post","status-publish","format-standard","hentry","category-actualite","category-cameroun"],"_links":{"self":[{"href":"https:\/\/linitiative.ca\/International\/wp-json\/wp\/v2\/posts\/33570","targetHints":{"allow":["GET"]}}],"collection":[{"href":"https:\/\/linitiative.ca\/International\/wp-json\/wp\/v2\/posts"}],"about":[{"href":"https:\/\/linitiative.ca\/International\/wp-json\/wp\/v2\/types\/post"}],"author":[{"embeddable":true,"href":"https:\/\/linitiative.ca\/International\/wp-json\/wp\/v2\/users\/1965"}],"replies":[{"embeddable":true,"href":"https:\/\/linitiative.ca\/International\/wp-json\/wp\/v2\/comments?post=33570"}],"version-history":[{"count":0,"href":"https:\/\/linitiative.ca\/International\/wp-json\/wp\/v2\/posts\/33570\/revisions"}],"wp:attachment":[{"href":"https:\/\/linitiative.ca\/International\/wp-json\/wp\/v2\/media?parent=33570"}],"wp:term":[{"taxonomy":"category","embeddable":true,"href":"https:\/\/linitiative.ca\/International\/wp-json\/wp\/v2\/categories?post=33570"},{"taxonomy":"post_tag","embeddable":true,"href":"https:\/\/linitiative.ca\/International\/wp-json\/wp\/v2\/tags?post=33570"}],"curies":[{"name":"wp","href":"https:\/\/api.w.org\/{rel}","templated":true}]}}