{"id":33571,"date":"2019-05-10T14:18:06","date_gmt":"2019-05-10T18:18:06","guid":{"rendered":"https:\/\/linitiative.ca\/International\/livoirien-nicolas-pepe-parmi-les-3-finalistes-du-prix-marc-vivien-foe-2019\/"},"modified":"2019-05-10T14:18:06","modified_gmt":"2019-05-10T18:18:06","slug":"livoirien-nicolas-pepe-parmi-les-3-finalistes-du-prix-marc-vivien-foe-2019","status":"publish","type":"post","link":"https:\/\/linitiative.ca\/International\/livoirien-nicolas-pepe-parmi-les-3-finalistes-du-prix-marc-vivien-foe-2019\/","title":{"rendered":"L\u2019Ivoirien Nicolas P\u00e9p\u00e9 parmi les 3 finalistes du Prix Marc-Vivien Fo\u00e9 2019"},"content":{"rendered":"<div readability=\"32\">\n<p>Publi\u00e9 le 10.05.2019 \u00e0 19h18 par APA News<\/p>\n<\/div>\n<div readability=\"47\">\n<p>L\u2019international Ivoirien Nicolas P\u00e9p\u00e9 du club fran\u00e7ais de Lille figure parmi les trois finalistes pour le Prix Marc Vivian Fo\u00e9 de la Ligue 1 fran\u00e7aise.L\u2019attaquant ivoirien dispute cette \u00e9dition avec le Tunisien Wahbi Khazri (Saint-\u00c9tienne) et le S\u00e9n\u00e9galais Isma\u00efla Sarr (Rennes), selon la liste d\u00e9voil\u00e9e, vendredi, par Radio France internationale (RFI) et la t\u00e9l\u00e9vision France 24 qui remettent ce Prix.<\/p>\n<p>Le Prix Marc-Vivien Fo\u00e9, du nom du footballeur camerounais, d\u00e9c\u00e9d\u00e9 en 2003 est un prix attribu\u00e9 au meilleur joueur de football africain \u00e9voluant dans le Championnat de France de football, selon un jury de journalistes sp\u00e9cialis\u00e9s.<\/p>\n<p><ins data-revive-zoneid=\"9\" data-revive-id=\"10111e19d28d19d031742ee3b0b33eb0\"\/> <\/p>\n<p>Le vainqueur sera connu le lundi 20 mai prochain pour succ\u00e9der au Camerounais Karl Toko-Ekambi.<\/p>\n<\/div>\n<p>Auteur: APA News<br \/>\n<a href=\"https:\/\/www.journalducameroun.com\/fr\/livoirien-nicolas-pepe-parmi-les-3-finalistes-du-prix-marc-vivien-foe-2019\/\">Cliquez ici pour lire l&rsquo;article depuis sa source.<\/a><\/p>\n","protected":false},"excerpt":{"rendered":"<p>Publi\u00e9 le 10.05.2019 \u00e0 19h18 par APA News L\u2019international Ivoirien Nicolas P\u00e9p\u00e9 du club fran\u00e7ais de Lille figure parmi les trois finalistes pour le Prix Marc Vivian Fo\u00e9 de la Ligue 1 fran\u00e7aise.L\u2019attaquant ivoirien dispute cette \u00e9dition avec le Tunisien Wahbi Khazri (Saint-\u00c9tienne) et le S\u00e9n\u00e9galais Isma\u00efla Sarr (Rennes), selon la liste d\u00e9voil\u00e9e, vendredi, par [&hellip;]<\/p>\n","protected":false},"author":1965,"featured_media":0,"comment_status":"closed","ping_status":"closed","sticky":false,"template":"","format":"standard","meta":{"fifu_image_url":"","fifu_image_alt":"","footnotes":""},"categories":[73,82],"tags":[],"class_list":["post-33571","post","type-post","status-publish","format-standard","hentry","category-actualite","category-cameroun"],"_links":{"self":[{"href":"https:\/\/linitiative.ca\/International\/wp-json\/wp\/v2\/posts\/33571","targetHints":{"allow":["GET"]}}],"collection":[{"href":"https:\/\/linitiative.ca\/International\/wp-json\/wp\/v2\/posts"}],"about":[{"href":"https:\/\/linitiative.ca\/International\/wp-json\/wp\/v2\/types\/post"}],"author":[{"embeddable":true,"href":"https:\/\/linitiative.ca\/International\/wp-json\/wp\/v2\/users\/1965"}],"replies":[{"embeddable":true,"href":"https:\/\/linitiative.ca\/International\/wp-json\/wp\/v2\/comments?post=33571"}],"version-history":[{"count":0,"href":"https:\/\/linitiative.ca\/International\/wp-json\/wp\/v2\/posts\/33571\/revisions"}],"wp:attachment":[{"href":"https:\/\/linitiative.ca\/International\/wp-json\/wp\/v2\/media?parent=33571"}],"wp:term":[{"taxonomy":"category","embeddable":true,"href":"https:\/\/linitiative.ca\/International\/wp-json\/wp\/v2\/categories?post=33571"},{"taxonomy":"post_tag","embeddable":true,"href":"https:\/\/linitiative.ca\/International\/wp-json\/wp\/v2\/tags?post=33571"}],"curies":[{"name":"wp","href":"https:\/\/api.w.org\/{rel}","templated":true}]}}