{"id":33572,"date":"2019-05-10T14:18:08","date_gmt":"2019-05-10T18:18:08","guid":{"rendered":"https:\/\/linitiative.ca\/International\/benin-lindustrie-alimentaire-a-progresse-de-125-en-2018\/"},"modified":"2019-05-10T14:18:08","modified_gmt":"2019-05-10T18:18:08","slug":"benin-lindustrie-alimentaire-a-progresse-de-125-en-2018","status":"publish","type":"post","link":"https:\/\/linitiative.ca\/International\/benin-lindustrie-alimentaire-a-progresse-de-125-en-2018\/","title":{"rendered":"B\u00e9nin : l\u2019industrie alimentaire a progress\u00e9 de 12,5% en 2018"},"content":{"rendered":"<div readability=\"32\">\n<p>Publi\u00e9 le 10.05.2019 \u00e0 19h18 par APA News<\/p>\n<\/div>\n<div readability=\"63\">\n<p>L\u2019industrie alimentaire du B\u00e9nin a connu une nette progression de 12,5% au titre de l\u2019ann\u00e9e 2018, rapporte vendredi le bulletin trimestriel de l\u2019Indice harmonis\u00e9 de la production industrielle publi\u00e9 par l\u2019Institut national de la statistique et de l\u2019analyse \u00e9conomique (Insae).Cette progression, selon l\u2019Insae, est le reflet de la bonne tenue de l\u2019activit\u00e9 dans la production de sucre (+39,7%), de ma\u00efs (+60,2%) et de bi\u00e8res (+24,4%).<\/p>\n<p>Mais, cette embellie s\u2019est vue att\u00e9nu\u00e9e par la morosit\u00e9 dans les secteurs de fabrication d\u2019huile raffin\u00e9e de coton (-2,0%), de boissons non alcoolis\u00e9es (-4,0%) et d\u2019eau min\u00e9rale (-10,3%).<\/p>\n<p>N\u00e9anmoins, cette bonne performance du secteur de l\u2019industrie alimentaire devrait se poursuivre, d\u2019apr\u00e8s l\u2019Institut national de la statistique et de l\u2019analyse \u00e9conomique, avec l\u2019encouragement des promoteurs des industries \u00e0 utiliser des intrants locaux.<\/p>\n<p><ins data-revive-zoneid=\"9\" data-revive-id=\"10111e19d28d19d031742ee3b0b33eb0\"\/> <\/p>\n<p>Le bulletin trimestriel de l\u2019Indice harmonis\u00e9 de la production industrielle de l\u2019Institut national de la statistique et de l\u2019analyse \u00e9conomique (Insae) est publi\u00e9 pour le compte du premier trimestre 2019. Ce bulletin offre des possibilit\u00e9s d\u2019analyse de l\u2019\u00e9volution et du d\u00e9veloppement des activit\u00e9s industrielles au B\u00e9nin.<\/p>\n<\/div>\n<p>Auteur: APA News<br \/>\n<a href=\"https:\/\/www.journalducameroun.com\/fr\/benin-lindustrie-alimentaire-a-progresse-de-125-en-2018\/\">Cliquez ici pour lire l&rsquo;article depuis sa source.<\/a><\/p>\n","protected":false},"excerpt":{"rendered":"<p>Publi\u00e9 le 10.05.2019 \u00e0 19h18 par APA News L\u2019industrie alimentaire du B\u00e9nin a connu une nette progression de 12,5% au titre de l\u2019ann\u00e9e 2018, rapporte vendredi le bulletin trimestriel de l\u2019Indice harmonis\u00e9 de la production industrielle publi\u00e9 par l\u2019Institut national de la statistique et de l\u2019analyse \u00e9conomique (Insae).Cette progression, selon l\u2019Insae, est le reflet de [&hellip;]<\/p>\n","protected":false},"author":1965,"featured_media":0,"comment_status":"closed","ping_status":"closed","sticky":false,"template":"","format":"standard","meta":{"fifu_image_url":"","fifu_image_alt":"","footnotes":""},"categories":[73,82],"tags":[],"class_list":["post-33572","post","type-post","status-publish","format-standard","hentry","category-actualite","category-cameroun"],"_links":{"self":[{"href":"https:\/\/linitiative.ca\/International\/wp-json\/wp\/v2\/posts\/33572","targetHints":{"allow":["GET"]}}],"collection":[{"href":"https:\/\/linitiative.ca\/International\/wp-json\/wp\/v2\/posts"}],"about":[{"href":"https:\/\/linitiative.ca\/International\/wp-json\/wp\/v2\/types\/post"}],"author":[{"embeddable":true,"href":"https:\/\/linitiative.ca\/International\/wp-json\/wp\/v2\/users\/1965"}],"replies":[{"embeddable":true,"href":"https:\/\/linitiative.ca\/International\/wp-json\/wp\/v2\/comments?post=33572"}],"version-history":[{"count":0,"href":"https:\/\/linitiative.ca\/International\/wp-json\/wp\/v2\/posts\/33572\/revisions"}],"wp:attachment":[{"href":"https:\/\/linitiative.ca\/International\/wp-json\/wp\/v2\/media?parent=33572"}],"wp:term":[{"taxonomy":"category","embeddable":true,"href":"https:\/\/linitiative.ca\/International\/wp-json\/wp\/v2\/categories?post=33572"},{"taxonomy":"post_tag","embeddable":true,"href":"https:\/\/linitiative.ca\/International\/wp-json\/wp\/v2\/tags?post=33572"}],"curies":[{"name":"wp","href":"https:\/\/api.w.org\/{rel}","templated":true}]}}