{"id":33573,"date":"2019-05-10T14:50:02","date_gmt":"2019-05-10T18:50:02","guid":{"rendered":"https:\/\/linitiative.ca\/International\/face-aux-pressions-internationales-yaounde-se-dit-pret-a-dialoguer-pour-resoudre-la-crise-anglophone\/"},"modified":"2019-05-10T14:50:02","modified_gmt":"2019-05-10T18:50:02","slug":"face-aux-pressions-internationales-yaounde-se-dit-pret-a-dialoguer-pour-resoudre-la-crise-anglophone","status":"publish","type":"post","link":"https:\/\/linitiative.ca\/International\/face-aux-pressions-internationales-yaounde-se-dit-pret-a-dialoguer-pour-resoudre-la-crise-anglophone\/","title":{"rendered":"Face aux pressions internationales, Yaound\u00e9 se dit pr\u00eat \u00e0 dialoguer pour r\u00e9soudre la crise anglophone"},"content":{"rendered":"<p>Face aux pressions internationales, le pr\u00e9sident Paul Biya se dit pr\u00eat \u00e0 organiser un dialogue pour r\u00e9soudre la crise anglophone au Cameroun. Une ouverture tranchant avec l\u2019intransigeance affich\u00e9e jusque-l\u00e0 par Yaound\u00e9, qui exclut cependant toujours toute discussion sur la partition du pays comme le pr\u00f4nent les s\u00e9paratistes.<\/p>\n<p>\u00ab\u00a0Le pr\u00e9sident m\u2019envoie dire aux populations du Nord-ouest que, hormis la s\u00e9paration et la s\u00e9cession, tout sujet politique peut \u00eatre discut\u00e9 et il se pr\u00e9pare \u00e0 le faire\u00a0\u00bb, a annonc\u00e9 le Premier ministre Joseph Dion Ngute, en tourn\u00e9e dans les r\u00e9gions anglophones depuis jeudi o\u00f9 il est arriv\u00e9, une branche de Fekeng, l\u2019arbre de la paix camerounais, \u00e0 la main.<\/p>\n<p>Le pr\u00e9sident est \u00ab\u00a0en train d\u2019organiser des rencontres\u00a0\u00bb dans le cadre de ce dialogue, a r\u00e9v\u00e9l\u00e9 M. Dion Ngute, sans en pr\u00e9ciser les contours ni l\u2019agenda.<\/p>\n<p>De son c\u00f4t\u00e9, depuis trois semaines, Paul Biya multiplie les d\u00e9clarations sur Twitter, appelant \u00e0 l\u2019unit\u00e9 et \u00e0 la paix.<\/p>\n<p>\u00ab\u00a0Depuis le d\u00e9but de la crise, c\u2019est la premi\u00e8re fois que Yaound\u00e9 se d\u00e9clare aussi directement ouvert au dialogue\u00a0\u00bb, souligne Hans de Marie Heungoup, chercheur \u00e0 l\u2019International Crisis Group (ICG) sur l\u2019Afrique centrale.<\/p>\n<p>Les d\u00e9clarations de Yaound\u00e9 interviennent alors que les pressions internationale exerc\u00e9es sur le pouvoir camerounais se sont intensifi\u00e9es ces derniers mois.<\/p>\n<p>D\u00e9but f\u00e9vrier, par exemple, les Etats-Unis ont mis un terme \u00e0 plusieurs programmes d\u2019aide militaire et s\u00e9curitaire. De son c\u00f4t\u00e9, le Parlement europ\u00e9en a adopt\u00e9 mi-avril une r\u00e9solution invitant les autorit\u00e9s camerounaises \u00e0 \u00ab\u00a0mettre un terme\u00a0\u00bb de fa\u00e7on urgente \u00ab\u00a0aux violences\u00a0\u00bb.<\/p>\n<p>Lundi, une r\u00e9union du conseil de s\u00e9curit\u00e9 de l\u2019ONU sur la situation humanitaire au Cameroun doit se tenir \u00e0 New-York.<\/p>\n<p>\u00ab\u00a0Il est possible que le pr\u00e9sident Paul Biya essaie de gagner du temps aupr\u00e8s de la communaut\u00e9 internationale\u00a0\u00bb, estime le chercheur de l\u2019ICG. Cette ouverture \u00ab\u00a0envoie un signal positif \u00e0 ceux qui seront assis autour de la table et qui seront alors peut-\u00eatre moins durs vis-\u00e0-vis du gouvernement\u00a0\u00bb.<\/p>\n<p>Bien qu\u2019excluant toute discussion sur une possible ind\u00e9pendance des r\u00e9gions anglophones, le pr\u00e9sident se dit pr\u00eat \u00ab\u00a0\u00e0 discuter de tout\u00a0\u00bb.<\/p>\n<p>\u00ab\u00a0Cela inclut alors de parler du r\u00e9gionalisme, du f\u00e9d\u00e9ralisme, voire de la conf\u00e9d\u00e9ration\u00a0\u00bb, souligne M. Heungoup.<\/p>\n<p>\u00ab\u00a0Le discours du Premier ministre peut s\u2019av\u00e9rer apaisant\u00a0\u00bb, estime, quant \u00e0 lui, Blaise Chamango, acteur de la soci\u00e9t\u00e9 civile \u00e9tabli \u00e0 Buea, chef-lieu du Sud-Ouest, l\u2019une des deux r\u00e9gions anglophones. Surtout que \u00ab\u00a0la s\u00e9cession n\u2019a jamais \u00e9t\u00e9 l\u2019agenda premier des anglophones\u00a0\u00bb, selon lui.<\/p>\n<p>La crise, qui a d\u00e9j\u00e0 contraint 530.000 personnes \u00e0 fuir leur domicile, a commenc\u00e9 en novembre 2016, avec essentiellement des revendications d\u2019enseignants ou de juristes, r\u00e9clamant plus de repr\u00e9sentativit\u00e9 anglophone.<\/p>\n<p>Les leaders de la contestation demandaient en majorit\u00e9 un retour au f\u00e9d\u00e9ralisme et, pour une minorit\u00e9, l\u2019ind\u00e9pendance et la proclamation d\u2019un nouvel Etat, l\u2019Ambazonie.<\/p>\n<p><ins data-revive-zoneid=\"9\" data-revive-id=\"10111e19d28d19d031742ee3b0b33eb0\"\/> <\/p>\n<p>\u2013 \u00ab\u00a0Des mots encourageants\u00a0\u00bb \u2013<\/p>\n<p>Mais face \u00e0 l\u2019intransigeance de Yaound\u00e9 et \u00e0 la r\u00e9pression des manifestations pacifiques, le conflit s\u2019est durci. Fin 2017, une partie des s\u00e9paratistes ont pris les armes contre Yaound\u00e9.<\/p>\n<p>Depuis, des combats opposent presque quotidiennement l\u2019arm\u00e9e, d\u00e9ploy\u00e9e en nombre, \u00e0 des groupes \u00e9pars de s\u00e9paratistes arm\u00e9s cach\u00e9s dans la for\u00eat.<\/p>\n<p>\u00ab\u00a0J\u2019invite tous les Camerounais \u00e9pris de paix \u00e0 prendre part au dialogue\u00a0\u00bb, a d\u00e9clar\u00e9 lors de sa visite le Premier ministre. \u00ab\u00a0Je suis venu ici pour demander aux jeunes de sortir (de la brousse) pour un retour \u00e0 une vie normale\u00a0\u00bb.<\/p>\n<p>Des \u00ab\u00a0mots encourageants\u00a0\u00bb \u00e0 prendre avec pr\u00e9caution, selon M. Heungoup. \u00ab\u00a0Par le pass\u00e9, le pouvoir a pu montrer des signes d\u2019ouverture, avant de reprendre des positions encore plus conservatrices\u00a0\u00bb.<\/p>\n<p>Pour trouver une sortie de crise, \u00ab\u00a0il faut plus que des mots, il faut des actions concr\u00e8tes\u00a0\u00bb, souligne-t-il.<\/p>\n<p>En juillet 2018, des responsables religieux anglophones ont annonc\u00e9 un projet de conf\u00e9rence g\u00e9n\u00e9rale anglophone. Mais face \u00e0 l\u2019opposition du pouvoir, les organisateurs ont d\u00fb la repousser deux fois.<\/p>\n<p>\u00ab\u00a0Pourquoi ne pas autoriser sa tenue ?\u00a0\u00bb, sugg\u00e8re le chercheur.<\/p>\n<p>\u2013 \u00ab\u00a0Trouver un interlocuteur cr\u00e9dible\u00a0\u00bb \u2013<\/p>\n<p>Si dialogue il y a, il sera difficile de trouver \u00ab\u00a0un interlocuteur cr\u00e9dible capable \u00e0 la fois de n\u00e9gocier avec le gouvernement et d\u2019\u00eatre suivi par les combattants s\u00e9paratistes\u00a0\u00bb, estime de son c\u00f4t\u00e9 un acteur de la soci\u00e9t\u00e9 civile sur place.<\/p>\n<p>Pour lui, Julius Ayuk Tabe, pr\u00e9sident autoproclam\u00e9 de l\u2019Ambazonie, \u00e9crou\u00e9 \u00e0 Yaound\u00e9 et poursuivi notamment pour s\u00e9cession et terrorisme, para\u00eet avoir le meilleur profil pour jouer ce r\u00f4le d\u2019interlocuteur car il \u00ab\u00a0est respect\u00e9 et \u00e9cout\u00e9\u00a0\u00bb.<\/p>\n<p>M. Ayuk Tabe se dit dispos\u00e9 \u00e0 n\u00e9gocier avec Yaound\u00e9 mais pose comme pr\u00e9alable sa lib\u00e9ration et celle tous les autres d\u00e9tenus de la crise anglophone, selon un de ses avocats, Me Christopher Ndong.<\/p>\n<p>Plus largement, les s\u00e9cessionnistes devront \u00eatre associ\u00e9s au dialogue, estime le chercheur de l\u2019ICG \u00ab\u00a0m\u00eame si ce n\u2019est que pour parler du f\u00e9d\u00e9ralisme\u00a0\u00bb. \u00ab\u00a0Car ce sont eux qu\u2019\u00e9coutent les 4.000 combattants sur le terrain, pas les chefs traditionnels, les parlementaires ou les \u00e9lus locaux\u00a0\u00bb.<\/p>\n<p>Auteur: AFP<br \/>\n<a href=\"https:\/\/www.journalducameroun.com\/fr\/face-aux-pressions-internationales-yaounde-se-dit-pret-a-dialoguer-pour-resoudre-la-crise-anglophone\/\">Cliquez ici pour lire l&rsquo;article depuis sa source.<\/a><\/p>\n","protected":false},"excerpt":{"rendered":"<p>Face aux pressions internationales, le pr\u00e9sident Paul Biya se dit pr\u00eat \u00e0 organiser un dialogue pour r\u00e9soudre la crise anglophone au Cameroun. Une ouverture tranchant avec l\u2019intransigeance affich\u00e9e jusque-l\u00e0 par Yaound\u00e9, qui exclut cependant toujours toute discussion sur la partition du pays comme le pr\u00f4nent les s\u00e9paratistes. \u00ab\u00a0Le pr\u00e9sident m\u2019envoie dire aux populations du Nord-ouest [&hellip;]<\/p>\n","protected":false},"author":1965,"featured_media":0,"comment_status":"closed","ping_status":"closed","sticky":false,"template":"","format":"standard","meta":{"fifu_image_url":"","fifu_image_alt":"","footnotes":""},"categories":[73,82],"tags":[],"class_list":["post-33573","post","type-post","status-publish","format-standard","hentry","category-actualite","category-cameroun"],"_links":{"self":[{"href":"https:\/\/linitiative.ca\/International\/wp-json\/wp\/v2\/posts\/33573","targetHints":{"allow":["GET"]}}],"collection":[{"href":"https:\/\/linitiative.ca\/International\/wp-json\/wp\/v2\/posts"}],"about":[{"href":"https:\/\/linitiative.ca\/International\/wp-json\/wp\/v2\/types\/post"}],"author":[{"embeddable":true,"href":"https:\/\/linitiative.ca\/International\/wp-json\/wp\/v2\/users\/1965"}],"replies":[{"embeddable":true,"href":"https:\/\/linitiative.ca\/International\/wp-json\/wp\/v2\/comments?post=33573"}],"version-history":[{"count":0,"href":"https:\/\/linitiative.ca\/International\/wp-json\/wp\/v2\/posts\/33573\/revisions"}],"wp:attachment":[{"href":"https:\/\/linitiative.ca\/International\/wp-json\/wp\/v2\/media?parent=33573"}],"wp:term":[{"taxonomy":"category","embeddable":true,"href":"https:\/\/linitiative.ca\/International\/wp-json\/wp\/v2\/categories?post=33573"},{"taxonomy":"post_tag","embeddable":true,"href":"https:\/\/linitiative.ca\/International\/wp-json\/wp\/v2\/tags?post=33573"}],"curies":[{"name":"wp","href":"https:\/\/api.w.org\/{rel}","templated":true}]}}