{"id":33574,"date":"2019-05-10T15:18:04","date_gmt":"2019-05-10T19:18:04","guid":{"rendered":"https:\/\/linitiative.ca\/International\/le-president-kabore-salue-la-liberation-de-quatre-otages-au-nord-du-burkina\/"},"modified":"2019-05-10T15:18:04","modified_gmt":"2019-05-10T19:18:04","slug":"le-president-kabore-salue-la-liberation-de-quatre-otages-au-nord-du-burkina","status":"publish","type":"post","link":"https:\/\/linitiative.ca\/International\/le-president-kabore-salue-la-liberation-de-quatre-otages-au-nord-du-burkina\/","title":{"rendered":"Le pr\u00e9sident Kabor\u00e9 salue la lib\u00e9ration de quatre otages au nord du Burkina"},"content":{"rendered":"<div readability=\"32\">\n<p>Publi\u00e9 le 10.05.2019 \u00e0 20h18 par APA News<\/p>\n<\/div>\n<div readability=\"59\">\n<p>Le pr\u00e9sident du Faso, Roch Marc Christian Kabor\u00e9 a salu\u00e9, vendredi, la lib\u00e9ration de quatre otages, dont deux Fran\u00e7ais dans le nord du Burkina Faso.Dans un message publi\u00e9 sur sa page Facebook visit\u00e9 par APA, le pr\u00e9sident Kabor\u00e9 \u00a0a aussi pr\u00e9sent\u00e9 ses condol\u00e9ances pour la perte de deux militaires fran\u00e7ais, tu\u00e9s \u00a0au cours de l\u2019op\u00e9ration de sauvetage men\u00e9e dans la nuit de jeudi \u00e0 vendredi.<\/p>\n<p>\u00abJe salue la lib\u00e9ration de quatre otages, dont les deux enseignants fran\u00e7ais enlev\u00e9s le 1er mai dernier dans le nord du B\u00e9nin, une Am\u00e9ricaine et une Sud-Cor\u00e9enne\u00bb, \u00e9crit le pr\u00e9sident Roch Kabor\u00e9.<\/p>\n<p>A son avis, \u00abl\u2019intervention militaire conjointe qui a permis d\u2019atteindre ces r\u00e9sultats traduit notre engagement commun \u00e0 lutter contre les forces du mal\u00bb.<\/p>\n<p><ins data-revive-zoneid=\"9\" data-revive-id=\"10111e19d28d19d031742ee3b0b33eb0\"\/> <\/p>\n<p>Deux touristes fran\u00e7ais et leur guide b\u00e9ninois \u00a0avaient \u00e9t\u00e9 enlev\u00e9s le 1er mai 2019 au nord du B\u00e9nin, pr\u00e8s de la fronti\u00e8re avec le Burkina Faso.<\/p>\n<p>La d\u00e9pouille du guide et le \u00a0v\u00e9hicule des touristes calcin\u00e9 avaient \u00e9t\u00e9 d\u00e9couverts quelques heures plus tard \u00e0 une centaine de kilom\u00e8tres dans l\u2019est du Burkina Faso.<\/p>\n<\/div>\n<p>Auteur: APA News<br \/>\n<a href=\"https:\/\/www.journalducameroun.com\/fr\/le-president-kabore-salue-la-liberation-de-quatre-otages-au-nord-du-burkina\/\">Cliquez ici pour lire l&rsquo;article depuis sa source.<\/a><\/p>\n","protected":false},"excerpt":{"rendered":"<p>Publi\u00e9 le 10.05.2019 \u00e0 20h18 par APA News Le pr\u00e9sident du Faso, Roch Marc Christian Kabor\u00e9 a salu\u00e9, vendredi, la lib\u00e9ration de quatre otages, dont deux Fran\u00e7ais dans le nord du Burkina Faso.Dans un message publi\u00e9 sur sa page Facebook visit\u00e9 par APA, le pr\u00e9sident Kabor\u00e9 \u00a0a aussi pr\u00e9sent\u00e9 ses condol\u00e9ances pour la perte de [&hellip;]<\/p>\n","protected":false},"author":1965,"featured_media":0,"comment_status":"closed","ping_status":"closed","sticky":false,"template":"","format":"standard","meta":{"fifu_image_url":"","fifu_image_alt":"","footnotes":""},"categories":[73,82],"tags":[],"class_list":["post-33574","post","type-post","status-publish","format-standard","hentry","category-actualite","category-cameroun"],"_links":{"self":[{"href":"https:\/\/linitiative.ca\/International\/wp-json\/wp\/v2\/posts\/33574","targetHints":{"allow":["GET"]}}],"collection":[{"href":"https:\/\/linitiative.ca\/International\/wp-json\/wp\/v2\/posts"}],"about":[{"href":"https:\/\/linitiative.ca\/International\/wp-json\/wp\/v2\/types\/post"}],"author":[{"embeddable":true,"href":"https:\/\/linitiative.ca\/International\/wp-json\/wp\/v2\/users\/1965"}],"replies":[{"embeddable":true,"href":"https:\/\/linitiative.ca\/International\/wp-json\/wp\/v2\/comments?post=33574"}],"version-history":[{"count":0,"href":"https:\/\/linitiative.ca\/International\/wp-json\/wp\/v2\/posts\/33574\/revisions"}],"wp:attachment":[{"href":"https:\/\/linitiative.ca\/International\/wp-json\/wp\/v2\/media?parent=33574"}],"wp:term":[{"taxonomy":"category","embeddable":true,"href":"https:\/\/linitiative.ca\/International\/wp-json\/wp\/v2\/categories?post=33574"},{"taxonomy":"post_tag","embeddable":true,"href":"https:\/\/linitiative.ca\/International\/wp-json\/wp\/v2\/tags?post=33574"}],"curies":[{"name":"wp","href":"https:\/\/api.w.org\/{rel}","templated":true}]}}