{"id":33585,"date":"2019-05-10T14:05:08","date_gmt":"2019-05-10T18:05:08","guid":{"rendered":"https:\/\/linitiative.ca\/International\/desordre-urbain-les-moto-taximen-narguent-la-decision-du-prefet-du-mfoundi\/"},"modified":"2019-05-10T14:05:08","modified_gmt":"2019-05-10T18:05:08","slug":"desordre-urbain-les-moto-taximen-narguent-la-decision-du-prefet-du-mfoundi","status":"publish","type":"post","link":"https:\/\/linitiative.ca\/International\/desordre-urbain-les-moto-taximen-narguent-la-decision-du-prefet-du-mfoundi\/","title":{"rendered":"D\u00e9sordre urbain : les Moto-taximen narguent la d\u00e9cision du Pr\u00e9fet du Mfoundi"},"content":{"rendered":"<p>La d\u00e9cision de <strong>Jean-Claude Tsila<\/strong>, pr\u00e9fet du Mfoundi,\u00a0 de limiter\u00a0 la circulation des mototaxis dans les p\u00e9riph\u00e9ries de Yaound\u00e9 n\u2019a point re\u00e7u un \u00e9cho favorable. Pour preuve,\u00a0 jeudi 09 mai 2019, au lieudit \u00ab <em>Voirie municipale<\/em> \u00bb des \u00e9chauffour\u00e9es \u00e9clatent entre agents de la police municipale et ces conducteurs de motocycles. Motif : Une centaine de conducteurs de motos encore stationn\u00e9s sur des axes interdits subit les frasques des \u00ab gros bras \u00bb commun\u00e9ment appel\u00e9s \u00ab <em>Awara<\/em> \u00bb.\u00a0 Le premier bilan fait \u00e9tat d\u2019une dizaine de bless\u00e9s et d\u2019un v\u00e9hicule de la voirie municipale endommag\u00e9.<\/p>\n<p>En clair,\u00a0 les moto-taximen r\u00e9clament <em>\u00ab l\u2019annulation de la note du Pr\u00e9fet leur interdisant de circuler \u00e0 certains endroits de la ville et surtout la dissolution de la police municipale<\/em> \u00bb.\u00a0 Sur le site de l\u2019incident tous criaient \u00e0 tue-t\u00eate \u00ab <em>Nous ne demandons rien \u00e0 personne, juste manger \u00e0 la sueur de notre front. Nous avons des dipl\u00f4mes, mais nous n\u2019arrivons pas \u00e0 avoir un emploi. Lorsque nous voulons simplement nous d\u00e9brouiller c\u2019est \u00e9galement un probl\u00e8me. Vraiment qu\u2019allons-nous donc faire \u00e0 la fin<\/em> \u00bb.<\/p>\n<p>Dans un r\u00e9cent communiqu\u00e9, le pr\u00e9fet du Mfoundi r\u00e9it\u00e8re que la circulation des motocycles n\u2019est tol\u00e9r\u00e9e qu\u2019en p\u00e9riph\u00e9rie et non au centre-ville. Comme ses pr\u00e9d\u00e9cesseurs en l\u2019occurrence <strong>Gilbert Tsimi Evouna<\/strong>, d\u00e9l\u00e9gu\u00e9 du gouvernement \u00e0 la communaut\u00e9 urbaine de Yaound\u00e9,\u00a0 la premi\u00e8re personnalit\u00e9 du Mfoundi\u00a0 n\u2019en veut plus. <strong>Jean<\/strong>\u2013<strong>Claude Tsila<\/strong> rappelle pour le d\u00e9plorer \u00ab l\u2019envahissement du centre-ville par les motocycles au m\u00e9pris, des dispositions pertinentes de l<strong>\u2019arr\u00eat\u00e9 n\u00b0005\/Cuy\/Dst\/12 du 12 janvier 2012<\/strong>.<\/p>\n<p>Comme lors des derni\u00e8res sorties sur la question, l\u2019administrateur civil principal\u00a0 cible cinq arrondissements except\u00e9 l\u2019arrondissement de Yaound\u00e9 IV.\u00a0 Sur ce,\u00a0 il prend la peine d\u2019indiquer les sites o\u00f9 l\u2019on ne devrait jamais rep\u00e9rer ces engins \u00e0 deux roues. Notamment les zones centrales d\u00e9limit\u00e9es par les carrefours Mvog-Mbi, Coron, Ol\u00e9zoa, Tongolo, le Boulevard de la R\u00e9unification, le Rond-point Bastos\u2026et bien d\u2019autres lieux semblables.<\/p>\n<p>Dans l\u2019arrondissement de Yaound\u00e9 Ier par exemple, la Route Emana-Messassi-Olemb\u00e9 leur est proscrite. Tout comme celle allant du march\u00e9 Etoudi \u00e0 l\u2019H\u00f4pital g\u00e9n\u00e9ral entre autres.<\/p>\n<p>A Yaound\u00e9 V, les motocycles sont interdits de circulation de la route de l\u2019H\u00f4pital g\u00e9n\u00e9ral \u00e0 la Rue Manfred Otto Fouda en passant\u00a0 par la Rue Martin Tabi Essomba (Place Mvog-Ada-Corneillet-Emombo) .<\/p>\n<p>Dans la commune de Yaound\u00e9 VI, la Rue Avenue Biyem-Assi, Mvoly\u00e9, Nsimeyong,\u00a0 etc. figurent aussi sur cette liste. Dans l\u2019ensemble, tous les axes principaux des quartiers leur sont prohib\u00e9s.<\/p>\n<div class=\"awac-wrapper awac widget blog_subscription-2\">\n<h4 class=\"widget-title\">Abonnez-vous \u00e0 notre lettre d&rsquo;information<\/h4>\n<\/div>\n<p>Auteur: nassere1234<br \/>\n<a href=\"https:\/\/ecomatin.net\/desordre-urbain-les-moto-taximen-narguent-la-decision-du-prefet-du-mfoundi\/\">Cliquez ici pour lire l&rsquo;article depuis sa source.<\/a><\/p>\n","protected":false},"excerpt":{"rendered":"<p>La d\u00e9cision de Jean-Claude Tsila, pr\u00e9fet du Mfoundi,\u00a0 de limiter\u00a0 la circulation des mototaxis dans les p\u00e9riph\u00e9ries de Yaound\u00e9 n\u2019a point re\u00e7u un \u00e9cho favorable. Pour preuve,\u00a0 jeudi 09 mai 2019, au lieudit \u00ab Voirie municipale \u00bb des \u00e9chauffour\u00e9es \u00e9clatent entre agents de la police municipale et ces conducteurs de motocycles. Motif : Une centaine [&hellip;]<\/p>\n","protected":false},"author":1969,"featured_media":0,"comment_status":"closed","ping_status":"closed","sticky":false,"template":"","format":"standard","meta":{"fifu_image_url":"","fifu_image_alt":"","footnotes":""},"categories":[82,78],"tags":[],"class_list":["post-33585","post","type-post","status-publish","format-standard","hentry","category-cameroun","category-economie"],"_links":{"self":[{"href":"https:\/\/linitiative.ca\/International\/wp-json\/wp\/v2\/posts\/33585","targetHints":{"allow":["GET"]}}],"collection":[{"href":"https:\/\/linitiative.ca\/International\/wp-json\/wp\/v2\/posts"}],"about":[{"href":"https:\/\/linitiative.ca\/International\/wp-json\/wp\/v2\/types\/post"}],"author":[{"embeddable":true,"href":"https:\/\/linitiative.ca\/International\/wp-json\/wp\/v2\/users\/1969"}],"replies":[{"embeddable":true,"href":"https:\/\/linitiative.ca\/International\/wp-json\/wp\/v2\/comments?post=33585"}],"version-history":[{"count":0,"href":"https:\/\/linitiative.ca\/International\/wp-json\/wp\/v2\/posts\/33585\/revisions"}],"wp:attachment":[{"href":"https:\/\/linitiative.ca\/International\/wp-json\/wp\/v2\/media?parent=33585"}],"wp:term":[{"taxonomy":"category","embeddable":true,"href":"https:\/\/linitiative.ca\/International\/wp-json\/wp\/v2\/categories?post=33585"},{"taxonomy":"post_tag","embeddable":true,"href":"https:\/\/linitiative.ca\/International\/wp-json\/wp\/v2\/tags?post=33585"}],"curies":[{"name":"wp","href":"https:\/\/api.w.org\/{rel}","templated":true}]}}