{"id":33586,"date":"2019-05-10T14:09:28","date_gmt":"2019-05-10T18:09:28","guid":{"rendered":"https:\/\/linitiative.ca\/International\/affaire-nexttel-letat-du-cameroun-lache-baba-danpoulo\/"},"modified":"2019-05-10T14:09:28","modified_gmt":"2019-05-10T18:09:28","slug":"affaire-nexttel-letat-du-cameroun-lache-baba-danpoulo","status":"publish","type":"post","link":"https:\/\/linitiative.ca\/International\/affaire-nexttel-letat-du-cameroun-lache-baba-danpoulo\/","title":{"rendered":"Affaire  Nexttel : l\u2019Etat du Cameroun l\u00e2che Baba Danpoulo"},"content":{"rendered":"<p>Fin de s\u00e9jour au Cameroun pour <strong>Nguyen Quoc Cuonq<\/strong>, le vice-ministre vietnamien des Affaires \u00e9trang\u00e8res. Le pl\u00e9nipotentiaire a s\u00e9journ\u00e9 au Cameroun du 5 au 7 mai 2019, dans le cadre d\u2019une visite de travail. Officiellement, d\u2019apr\u00e8s une correspondance du 29 avril 2019, adress\u00e9e aux autorit\u00e9s camerounaises par l\u2019ambassade du Vietnam au Nig\u00e9ria, pour \u00ab <em>revisiter les relations diplomatiques entre le Cameroun et le Vietnam, optimiser et explorer les opportunit\u00e9s bilat\u00e9rales<\/em> \u00bb. Le vice-ministre vietnamien des Affaires \u00e9trang\u00e8res \u00e9tait envoy\u00e9 sp\u00e9cial de <strong>Nguyen Xuan Phuc<\/strong>, le Premier ministre, Chef du gouvernement de la R\u00e9publique socialiste du Vietnam. Durant son s\u00e9jour de trois jours, Nguyen Quoc Cuonq a \u00e9t\u00e9 l\u2019h\u00f4te de plusieurs autorit\u00e9s camerounaises:<\/p>\n<hr\/>\n<h4><strong>>> Lire aussi \u2013 <a title=\"Affaire Nexttel: Baba Danpullo et les 93 milliards des vietnamiens\" href=\"https:\/\/ecomatin.net\/affaire-nexttel-baba-danpullo-et-les-93-milliards-des-vietnamiens\/\" target=\"_blank\" rel=\"noopener noreferrer\">Affaire Nexttel: Baba Danpullo et les 93 milliards des vietnamiens<\/a><br \/><\/strong><\/h4>\n<hr\/>\n<p>Le motif officiel de cette visite cache \u00e0 peine la v\u00e9ritable raison du s\u00e9jour camerounais du diplomate asiatique. Les audiences avec <strong>Marcel Niat Njifenfi<\/strong>, <strong>Cavaye Y\u00e9gui\u00e9 Djibril<\/strong>, <strong>Joseph Dion Ngute<\/strong>, <strong>Lejeune Mbella Mbella<\/strong>, <strong>Minette Libom li Likeng<\/strong>, <strong>Gregoire Owona<\/strong> et <strong>Issa Tchiroma Bakary<\/strong> indiquent sans l\u2019ombre d\u2019un doute que l\u2019affaire \u00ab\u00a0Bestcam\/Viettel Global Jsc\u00a0\u00bb \u00e9tait au centre des pr\u00e9occupations entre la d\u00e9l\u00e9gation vietnamienne et les membres du gouvernement camerounais. De profonds d\u00e9saccords opposent en effet les deux partenaires du projet \u00ab<strong>Nexttel Cameroun S.A<\/strong>\u00bb. Tous impliqu\u00e9s dans ce d\u00e9licat dossier. Le groupe vietnamien avait, en effet, en date du 22 novembre 2018, adress\u00e9 des correspondances d\u2019explication et de d\u00e9nonciation contre <strong>Ahmadou Baba Danpoulo<\/strong>, le pr\u00e9sident du Conseil d\u2019administration de Nexttel Cameroun, aux pr\u00e9sidents des deux chambres de notre parlement. Au plus fort du d\u00e9saccord entre les deux partenaires, l\u2019ancien Premier ministre Philemon Yang avait pr\u00e9sid\u00e9 une r\u00e9union le 23 Octobre 2014, au cours de laquelle il avait recommand\u00e9 la transparence \u00e0 travers la proc\u00e9dure de double signature dans les documents administratifs de l\u2019entreprise. Proc\u00e9dure contenue dans l\u2019article 21 alin\u00e9a 3 du pacte d\u2019actionnaire sign\u00e9 entre les deux parties. <strong>Viettel Global Jsc<\/strong> avait accus\u00e9 <strong>Zacharie Perevet<\/strong>, le pr\u00e9d\u00e9cesseur d\u2019<strong>Issa Tchiroma Bakary<\/strong>, au poste de ministre l\u2019Emploi et de la formation professionnelle, de \u00ab\u00a0concussion\u00a0\u00bb, apr\u00e8s le rejet par le membre du gouvernement de leur contrat d\u00e9pos\u00e9 pour visa en raison de ce qu\u2019ils n\u2019\u00e9taient pas en situation r\u00e9guli\u00e8re au Cameroun.<\/p>\n<hr\/>\n<h4><strong>>> Lire aussi \u2013 <a title=\"Affaire Nextell: le Vietnam menace de saisir la justice internationale\" href=\"https:\/\/ecomatin.net\/affaire-nextell-le-vietnam-menace-de-saisir-la-justice-internationale\/\" target=\"_blank\" rel=\"noopener noreferrer\">Affaire Nextell: le Vietnam menace de saisir la justice internationale<\/a><br \/><\/strong><\/h4>\n<hr\/>\n<p>La discorde entre Bestcam et Viettel Global Jsc s\u2019est d\u00e9port\u00e9e devant pr\u00e9toire. Les asiatiques ont accus\u00e9 le pr\u00e9sident du Tribunal de premi\u00e8re instance de Yaound\u00e9 Ekounou, d\u2019avoir impos\u00e9 la double signature au sein de la soci\u00e9t\u00e9 Nexttel Cameroun S.A. Ils accusent \u00e9galement le pr\u00e9sident du Tribunal de premi\u00e8re instance de Douala Bonanjo d\u2019avoir ordonn\u00e9 l\u2019expertise des \u00e9quipements et l\u2019\u00e9valuation de l\u2019apport en industrie de Baba Ahmadou Danpullo.<\/p>\n<hr\/>\n<h4><strong>>> Lire aussi \u2013 <a title=\"Affaire Viettel Cameroun: les Vietnamiens saisissent Paul Biya\" href=\"https:\/\/ecomatin.net\/affaire-viettel-cameroun-les-vietnamiens-saisissent-paul-biya\/\" target=\"_blank\" rel=\"noopener noreferrer\">Affaire Viettel Cameroun: les Vietnamiens saisissent Paul Biya<\/a><br \/><\/strong><\/h4>\n<hr\/>\n<p>Une source digne de foi proche de ce dossier indique que les vietnamiens ont re\u00e7u des garanties de la part du gouvernement camerounais. Notamment sur la pr\u00e9servation de leurs investissements au sein de Nexttel Cameroun S.A estim\u00e9s \u00e0 210 milliards de Fcfa. En clair, \u00ab\u00a0<em>le pr\u00e9sident du Conseil d\u2019administration a tout simplement \u00e9t\u00e9 l\u00e2ch\u00e9 par les autorit\u00e9s camerounaises<\/em>\u00ab\u00a0, r\u00e9v\u00e8le notre source. Baba Danpoulo, \u00e9galement promoteur de la cha\u00eene de t\u00e9l\u00e9vision Dbs, effectue depuis le 8 mai 2019 une tourn\u00e9e europ\u00e9enne.<br \/>Durant son s\u00e9jour, Nguyen Quoc Cuonq a d\u00e9voil\u00e9 aux autorit\u00e9s camerounaises, les tenants et les aboutissants de l\u2019affaire Bestcam\/Viettel Global Jsc, \u00e9loignant le spectre de l\u2019incident diplomatique entre le Cameroun et le Vietnam. A titre de rappel, c\u2019est en f\u00e9vrier 2012 que Bestcam et Viettel Global Jsc signent le pacte d\u2019actionnaire de cr\u00e9ation de l\u2019op\u00e9rateur de t\u00e9l\u00e9phonie mobile Nexttel Cameroun qui lance finalement ses activit\u00e9s en 2014. Nexttel Cameroun S.A, c\u2019est aujourd\u2019hui <strong>4,5 millions d\u2019abonn\u00e9s<\/strong>, <strong>8000 points de vente agr\u00e9\u00e9s<\/strong> et pr\u00e8s de <strong>100 concessionnaires agr\u00e9\u00e9s<\/strong>.<\/p>\n<div class=\"awac-wrapper awac widget blog_subscription-2\">\n<h4 class=\"widget-title\">Abonnez-vous \u00e0 notre lettre d&rsquo;information<\/h4>\n<\/div>\n<p>Auteur: nassere1234<br \/>\n<a href=\"https:\/\/ecomatin.net\/affaire-nexttel-letat-du-cameroun-lache-baba-danpoulo\/\">Cliquez ici pour lire l&rsquo;article depuis sa source.<\/a><\/p>\n","protected":false},"excerpt":{"rendered":"<p>Fin de s\u00e9jour au Cameroun pour Nguyen Quoc Cuonq, le vice-ministre vietnamien des Affaires \u00e9trang\u00e8res. Le pl\u00e9nipotentiaire a s\u00e9journ\u00e9 au Cameroun du 5 au 7 mai 2019, dans le cadre d\u2019une visite de travail. Officiellement, d\u2019apr\u00e8s une correspondance du 29 avril 2019, adress\u00e9e aux autorit\u00e9s camerounaises par l\u2019ambassade du Vietnam au Nig\u00e9ria, pour \u00ab revisiter [&hellip;]<\/p>\n","protected":false},"author":1969,"featured_media":0,"comment_status":"closed","ping_status":"closed","sticky":false,"template":"","format":"standard","meta":{"fifu_image_url":"","fifu_image_alt":"","footnotes":""},"categories":[82,78],"tags":[],"class_list":["post-33586","post","type-post","status-publish","format-standard","hentry","category-cameroun","category-economie"],"_links":{"self":[{"href":"https:\/\/linitiative.ca\/International\/wp-json\/wp\/v2\/posts\/33586","targetHints":{"allow":["GET"]}}],"collection":[{"href":"https:\/\/linitiative.ca\/International\/wp-json\/wp\/v2\/posts"}],"about":[{"href":"https:\/\/linitiative.ca\/International\/wp-json\/wp\/v2\/types\/post"}],"author":[{"embeddable":true,"href":"https:\/\/linitiative.ca\/International\/wp-json\/wp\/v2\/users\/1969"}],"replies":[{"embeddable":true,"href":"https:\/\/linitiative.ca\/International\/wp-json\/wp\/v2\/comments?post=33586"}],"version-history":[{"count":0,"href":"https:\/\/linitiative.ca\/International\/wp-json\/wp\/v2\/posts\/33586\/revisions"}],"wp:attachment":[{"href":"https:\/\/linitiative.ca\/International\/wp-json\/wp\/v2\/media?parent=33586"}],"wp:term":[{"taxonomy":"category","embeddable":true,"href":"https:\/\/linitiative.ca\/International\/wp-json\/wp\/v2\/categories?post=33586"},{"taxonomy":"post_tag","embeddable":true,"href":"https:\/\/linitiative.ca\/International\/wp-json\/wp\/v2\/tags?post=33586"}],"curies":[{"name":"wp","href":"https:\/\/api.w.org\/{rel}","templated":true}]}}