{"id":33587,"date":"2019-05-10T14:15:02","date_gmt":"2019-05-10T18:15:02","guid":{"rendered":"https:\/\/linitiative.ca\/International\/martin-belinga-eboutou-parcours-exceptionnel-dun-grand-commis-de-letat\/"},"modified":"2019-05-10T14:15:02","modified_gmt":"2019-05-10T18:15:02","slug":"martin-belinga-eboutou-parcours-exceptionnel-dun-grand-commis-de-letat","status":"publish","type":"post","link":"https:\/\/linitiative.ca\/International\/martin-belinga-eboutou-parcours-exceptionnel-dun-grand-commis-de-letat\/","title":{"rendered":"Martin Belinga Eboutou : parcours exceptionnel d\u2019un grand commis de l\u2019Etat"},"content":{"rendered":"<p><span class=\"c2\"><\/p>\n<p><img loading=\"lazy\" decoding=\"async\" data-attachment-id=\"7967\" data-permalink=\"https:\/\/ecomatin.net\/necrologie-martin-belinga-eboutou-est-decede\/screenshot-2019-05-09-07-00-22-684-com-facebook-katana\/\" data-orig-file=\"https:\/\/i2.wp.com\/ecomatin.net\/wp-content\/uploads\/2019\/05\/ecomatin.net-necrologie-martin-belinga-eboutou-est-decede-screenshot-2019-05-09-07-00-22-684-com.facebook.katana-e1557382470890.jpg?fit=922%2C657&#038;ssl=1\" data-orig-size=\"922,657\" data-comments-opened=\"0\" data-image-meta=\"{\"aperture\":\"0\",\"credit\":\"\",\"camera\":\"\",\"caption\":\"\",\"created_timestamp\":\"0\",\"copyright\":\"\",\"focal_length\":\"0\",\"iso\":\"0\",\"shutter_speed\":\"0\",\"title\":\"\",\"orientation\":\"1\"}\" data-image-title=\"MartinBelinga Eboutou\" data-image-description=\"\" data-medium-file=\"https:\/\/i2.wp.com\/ecomatin.net\/wp-content\/uploads\/2019\/05\/ecomatin.net-necrologie-martin-belinga-eboutou-est-decede-screenshot-2019-05-09-07-00-22-684-com.facebook.katana-e1557382470890.jpg?fit=300%2C214&#038;ssl=1\" data-large-file=\"https:\/\/i2.wp.com\/ecomatin.net\/wp-content\/uploads\/2019\/05\/ecomatin.net-necrologie-martin-belinga-eboutou-est-decede-screenshot-2019-05-09-07-00-22-684-com.facebook.katana-e1557382470890.jpg?fit=1024%2C798&#038;ssl=1\" class=\" wp-image-7967 alignleft\" src=\"https:\/\/i1.wp.com\/ecomatin.net\/wp-content\/uploads\/2019\/05\/ecomatin.net-necrologie-martin-belinga-eboutou-est-decede-screenshot-2019-05-09-07-00-22-684-com.facebook.katana-e1557382470890-300x214.jpg?resize=200%2C143&#038;ssl=1\" alt=\"\" width=\"200\" height=\"143\" data-recalc-dims=\"1\" srcset=\"https:\/\/i2.wp.com\/ecomatin.net\/wp-content\/uploads\/2019\/05\/ecomatin.net-necrologie-martin-belinga-eboutou-est-decede-screenshot-2019-05-09-07-00-22-684-com.facebook.katana-e1557382470890.jpg?resize=300%2C214&#038;ssl=1 300w, https:\/\/i2.wp.com\/ecomatin.net\/wp-content\/uploads\/2019\/05\/ecomatin.net-necrologie-martin-belinga-eboutou-est-decede-screenshot-2019-05-09-07-00-22-684-com.facebook.katana-e1557382470890.jpg?resize=768%2C547&#038;ssl=1 768w, https:\/\/i2.wp.com\/ecomatin.net\/wp-content\/uploads\/2019\/05\/ecomatin.net-necrologie-martin-belinga-eboutou-est-decede-screenshot-2019-05-09-07-00-22-684-com.facebook.katana-e1557382470890.jpg?w=922&#038;ssl=1 922w\" sizes=\"auto, (max-width: 200px) 100vw, 200px\"\/><\/p>\n<p>Martin Belinga Eboutou quitte \u00ab son ami \u00bb Paul Biya. Le souffle de l\u2019ancien Directeur du cabinet civil (DCC) de la pr\u00e9sidence de la R\u00e9publique s\u2019est arr\u00eat\u00e9, mercredi 08 mai 2019, dans un h\u00f4pital \u00e0 Gen\u00e8ve en Suisse, des suites d\u2019une longue maladie o\u00f9 il a \u00e9t\u00e9 \u00e9vacu\u00e9 depuis plusieurs mois. Avec cette disparition, le Cameroun perd ainsi un homme influent, un diplomate, qui a marqu\u00e9 l\u2019histoire politique de son pays pendant plusieurs d\u00e9cennies. Diplomate, homme de main, compagnon, Belinga Eboutou \u00e9tait aussi un homme de confiance de Paul Biya. Proche collaborateur, l\u2019ancien DCC \u00e9tait autant discret que son patron et ami d\u2019enfance.<\/span><br \/><span class=\"c2\">Martin Belinga et Paul Biya ont fait ensemble le s\u00e9minaire d\u2019Akono. Ils ont d\u2019ailleurs poursuivi leur \u00e9tude universitaire en France o\u00f9 Belinga est sorti titulaire d\u2019une licence en droit canon et un doctorat en droit public. Il est \u00e9galement dipl\u00f4m\u00e9 de la section diplomatique de l\u2019ENA de Paris. A l\u2019issue de ses \u00e9tudes, il occupe des hautes fonctions au minist\u00e8re des Affaires \u00e9trang\u00e8res et dans les ambassades du Cameroun, \u00e0 Brazzaville et \u00e0 Paris. Il viendra ensuite travailler avec son compagnon Paul Biya d\u00e8s 1989. Il devient ensuite directeur du protocole d\u2019\u00c9tat \u00e0 la pr\u00e9sidence de la R\u00e9publique. Il est nomm\u00e9 au poste de directeur du Cabinet civil de septembre 1996 \u00e0 d\u00e9cembre 1997. Il quitte cette responsabilit\u00e9 pour repr\u00e9senter le Cameroun aupr\u00e8s de l\u2019ONU.<\/span><\/p>\n<p><span class=\"c2\">En 2009, le chef de l\u2019Etat le ram\u00e8ne aupr\u00e8s de lui en tant que DCC. Il est le seul \u00e0 avoir occup\u00e9 ce poste \u00e0 deux reprises. La chronique officieuse du palais fait croire que les deux se connaissent bien et \u00e9taient capables de garder des secrets, prot\u00e9ger et couvrir l\u2019autre. Si sa premi\u00e8re exp\u00e9rience fut \u00e9ph\u00e9m\u00e8re, la seconde va durer neuf ans. Excellent dans la diplomatie de couloir, il fait partie de l\u2019\u00e9quipe qui porte le dossier de Bakassi devant les juridictions internationales. Sa sortie du gouvernement intervient lors du r\u00e9am\u00e9nagement minist\u00e9riel du 2 mars 2018. Pour les observateurs, il se s\u00e9pare de Paul Biya en raison de son \u00e9tat de sant\u00e9.<\/span><br \/><span class=\"c2\">Sur la toile, les r\u00e9actions ont \u00e9t\u00e9 nombreuses pour rendre un vibrant hommage \u00e0 l\u2019homme politique. \u00ab Aujourd\u2019hui Martin s\u2019en est all\u00e9 et mes mots sont si faibles pour dire l\u2019exceptionnalit\u00e9 de ce grand diplomate qui \u00e9tait tout \u00e0 la fois un humaniste et un fervent chr\u00e9tien \u00bb, s\u2019est \u00e9mu la c\u00e9l\u00e8bre romanci\u00e8re Calixthe Beyala. \u00ab Mes tr\u00e8s sinc\u00e8res condol\u00e9ances \u00e0 Chantal, aux enfants et \u00e0 toute la famille du ministre Martin Belinga Eboutou. 9 ans de collaboration \u00e9troite au Cabinet Civil de la pr\u00e9sidence de la R\u00e9publique. Souvenirs : travailleur infatigable et rigueur professionnelle. Paix \u00e0 son \u00e2me ! \u00bb, a tweet\u00e9 Joseph L\u00e9, ministre de la Fonction publique et de la r\u00e9forme administrative.<\/span><\/p>\n<p>Auteur: nassere1234<br \/>\n<a href=\"https:\/\/ecomatin.net\/martin-belinga-eboutou-parcours-exceptionnel-dun-grand-commis-de-letat\/\">Cliquez ici pour lire l&rsquo;article depuis sa source.<\/a><\/p>\n","protected":false},"excerpt":{"rendered":"<p>Martin Belinga Eboutou quitte \u00ab son ami \u00bb Paul Biya. Le souffle de l\u2019ancien Directeur du cabinet civil (DCC) de la pr\u00e9sidence de la R\u00e9publique s\u2019est arr\u00eat\u00e9, mercredi 08 mai 2019, dans un h\u00f4pital \u00e0 Gen\u00e8ve en Suisse, des suites d\u2019une longue maladie o\u00f9 il a \u00e9t\u00e9 \u00e9vacu\u00e9 depuis plusieurs mois. Avec cette disparition, le [&hellip;]<\/p>\n","protected":false},"author":1969,"featured_media":0,"comment_status":"closed","ping_status":"closed","sticky":false,"template":"","format":"standard","meta":{"fifu_image_url":"","fifu_image_alt":"","footnotes":""},"categories":[82,78],"tags":[],"class_list":["post-33587","post","type-post","status-publish","format-standard","hentry","category-cameroun","category-economie"],"_links":{"self":[{"href":"https:\/\/linitiative.ca\/International\/wp-json\/wp\/v2\/posts\/33587","targetHints":{"allow":["GET"]}}],"collection":[{"href":"https:\/\/linitiative.ca\/International\/wp-json\/wp\/v2\/posts"}],"about":[{"href":"https:\/\/linitiative.ca\/International\/wp-json\/wp\/v2\/types\/post"}],"author":[{"embeddable":true,"href":"https:\/\/linitiative.ca\/International\/wp-json\/wp\/v2\/users\/1969"}],"replies":[{"embeddable":true,"href":"https:\/\/linitiative.ca\/International\/wp-json\/wp\/v2\/comments?post=33587"}],"version-history":[{"count":0,"href":"https:\/\/linitiative.ca\/International\/wp-json\/wp\/v2\/posts\/33587\/revisions"}],"wp:attachment":[{"href":"https:\/\/linitiative.ca\/International\/wp-json\/wp\/v2\/media?parent=33587"}],"wp:term":[{"taxonomy":"category","embeddable":true,"href":"https:\/\/linitiative.ca\/International\/wp-json\/wp\/v2\/categories?post=33587"},{"taxonomy":"post_tag","embeddable":true,"href":"https:\/\/linitiative.ca\/International\/wp-json\/wp\/v2\/tags?post=33587"}],"curies":[{"name":"wp","href":"https:\/\/api.w.org\/{rel}","templated":true}]}}