{"id":33592,"date":"2019-05-11T05:03:31","date_gmt":"2019-05-11T09:03:31","guid":{"rendered":"https:\/\/linitiative.ca\/International\/lensemble-faluka-anime-les-nuits-de-ramadan-de-linstitut-cervantes\/"},"modified":"2019-05-11T05:03:31","modified_gmt":"2019-05-11T09:03:31","slug":"lensemble-faluka-anime-les-nuits-de-ramadan-de-linstitut-cervantes","status":"publish","type":"post","link":"https:\/\/linitiative.ca\/International\/lensemble-faluka-anime-les-nuits-de-ramadan-de-linstitut-cervantes\/","title":{"rendered":"L\u2019ensemble Faluka anime les Nuits de Ramadan de l\u2019Institut Cervant\u00e8s"},"content":{"rendered":"<header>\n<div class=\"entry-post-meta\">\n<div class=\"author-link\">Publi\u00e9 par <a itemprop=\"author\" itemscope=\"\" itemtype=\"https:\/\/schema.org\/Person\" href=\"http:\/\/aujourdhui.ma\/profile\/kaid\" rel=\"author\"><span itemprop=\"name\">ALM<\/span><\/a><\/div>\n<p>Date\u00a0:<time content=\"2019-05-11T09:03:31+00:00\" class=\"entry-date updated\" datetime=\"2019-05-11T09:03:31+00:00\">mai 11, 2019<\/time><\/p>\n<div class=\"entry-cat\">dans:<a href=\"http:\/\/aujourdhui.ma\/category\/culture\" rel=\"category tag\">Culture<\/a><\/div>\n<p>1Vues<\/p>\n<\/div>\n<\/header>\n<div class=\"entry-content clearfix\" readability=\"43\"><img decoding=\"async\" class=\"post_layout_5_img\" src=\"http:\/\/aujourdhui.ma\/wp-content\/uploads\/2019\/05\/faluka.jpg?x29840\" alt=\"L\u2019ensemble Faluka anime les Nuits de Ramadan de l\u2019Institut Cervant\u00e8s\"\/><\/p>\n<p class=\"p1\"><span class=\"c4\"><strong>L\u2019Institut Cervant\u00e8s organise en ce mois sacr\u00e9 le concert \u00abNuits de Ramadan\u00bb qui sera anim\u00e9 par l\u2019ensemble Faluka.<\/strong><\/span> <span id=\"more-310884\"\/><\/p>\n<p class=\"p1\"><em>\u00abLe groupe Faluka propose un voyage musical inoubliable. Il pr\u00e9sente l\u2019h\u00e9ritage musical de la M\u00e9diterran\u00e9e \u00e0 travers des temps et dans sa langue originelle\u00bb,<\/em> pr\u00e9cisent les organisateurs. Selon la m\u00eame source, cet ensemble se produira en soir\u00e9e le 24 mai \u00e0 T\u00e9touan, le 27 mai \u00e0 F\u00e8s, le 28 \u00e0 Rabat, le 29 \u00e0 Casablanca et le 30 \u00e0 Marrakech.<\/p>\n<\/div>\n<p>Auteur: ALM<br \/>\n<a href=\"http:\/\/aujourdhui.ma\/culture\/lensemble-faluka-anime-les-nuits-de-ramadan-de-linstitut-cervantes\">Cliquez ici pour lire l&rsquo;article depuis sa source.<\/a><\/p>\n","protected":false},"excerpt":{"rendered":"<p>Publi\u00e9 par ALM Date\u00a0:mai 11, 2019 dans:Culture 1Vues L\u2019Institut Cervant\u00e8s organise en ce mois sacr\u00e9 le concert \u00abNuits de Ramadan\u00bb qui sera anim\u00e9 par l\u2019ensemble Faluka. \u00abLe groupe Faluka propose un voyage musical inoubliable. Il pr\u00e9sente l\u2019h\u00e9ritage musical de la M\u00e9diterran\u00e9e \u00e0 travers des temps et dans sa langue originelle\u00bb, pr\u00e9cisent les organisateurs. Selon la [&hellip;]<\/p>\n","protected":false},"author":1759,"featured_media":0,"comment_status":"closed","ping_status":"closed","sticky":false,"template":"","format":"standard","meta":{"fifu_image_url":"","fifu_image_alt":"","footnotes":""},"categories":[73,54],"tags":[],"class_list":["post-33592","post","type-post","status-publish","format-standard","hentry","category-actualite","category-maroc"],"_links":{"self":[{"href":"https:\/\/linitiative.ca\/International\/wp-json\/wp\/v2\/posts\/33592","targetHints":{"allow":["GET"]}}],"collection":[{"href":"https:\/\/linitiative.ca\/International\/wp-json\/wp\/v2\/posts"}],"about":[{"href":"https:\/\/linitiative.ca\/International\/wp-json\/wp\/v2\/types\/post"}],"author":[{"embeddable":true,"href":"https:\/\/linitiative.ca\/International\/wp-json\/wp\/v2\/users\/1759"}],"replies":[{"embeddable":true,"href":"https:\/\/linitiative.ca\/International\/wp-json\/wp\/v2\/comments?post=33592"}],"version-history":[{"count":0,"href":"https:\/\/linitiative.ca\/International\/wp-json\/wp\/v2\/posts\/33592\/revisions"}],"wp:attachment":[{"href":"https:\/\/linitiative.ca\/International\/wp-json\/wp\/v2\/media?parent=33592"}],"wp:term":[{"taxonomy":"category","embeddable":true,"href":"https:\/\/linitiative.ca\/International\/wp-json\/wp\/v2\/categories?post=33592"},{"taxonomy":"post_tag","embeddable":true,"href":"https:\/\/linitiative.ca\/International\/wp-json\/wp\/v2\/tags?post=33592"}],"curies":[{"name":"wp","href":"https:\/\/api.w.org\/{rel}","templated":true}]}}