{"id":33593,"date":"2019-05-11T05:04:27","date_gmt":"2019-05-11T09:04:27","guid":{"rendered":"https:\/\/linitiative.ca\/International\/pour-promouvoir-la-destination-agadir-le-crt-lancera-une-campagne-de-marketing-dinfluence-sur-le-marche-national-et-international\/"},"modified":"2019-05-11T05:04:27","modified_gmt":"2019-05-11T09:04:27","slug":"pour-promouvoir-la-destination-agadir-le-crt-lancera-une-campagne-de-marketing-dinfluence-sur-le-marche-national-et-international","status":"publish","type":"post","link":"https:\/\/linitiative.ca\/International\/pour-promouvoir-la-destination-agadir-le-crt-lancera-une-campagne-de-marketing-dinfluence-sur-le-marche-national-et-international\/","title":{"rendered":"Pour promouvoir la destination Agadir : Le CRT lancera une campagne de marketing d\u2019influence sur le march\u00e9 national et international"},"content":{"rendered":"<p><img decoding=\"async\" class=\"post_layout_5_img\" src=\"http:\/\/aujourdhui.ma\/wp-content\/uploads\/2019\/05\/tourisme-agadir.jpg?x29840\" alt=\"Pour promouvoir la destination Agadir : Le CRT lancera une campagne de marketing d\u2019influence sur le march\u00e9 national et international\"\/><\/p>\n<p class=\"p1\"><span class=\"c4\"><strong><span class=\"s1\">Dans le cadre du plan d\u2019action de communication et de promotion touristique conjoint avec l\u2019Office national marocain du tourisme (ONMT), le Conseil r\u00e9gional du tourisme d\u2019Agadir Souss-Massa (CRT) lance une consultation pour la mise en place d\u2019une campagne de marketing d\u2019influence sur le march\u00e9 national et international, qui a pour objectif la relance des activit\u00e9s de toute la fili\u00e8re touristique de la destination, afin d\u2019augmenter sa notori\u00e9t\u00e9 aupr\u00e8s de ses march\u00e9s cibles et renforcer son attractivit\u00e9 autour de plusieurs th\u00e9matiques.<\/span><\/strong><\/span><span id=\"more-310946\"\/><\/p>\n<p class=\"p1\"><span class=\"s1\">En effet, en marge des activit\u00e9s de promotion mises en place par le CRT d\u2019Agadir Souss-Massa dans le cadre de son Plan d\u2019action, une campagne de marketing d\u2019influence s\u2019av\u00e8re n\u00e9cessaire sur le march\u00e9 national et international. Elle sera destin\u00e9e \u00e0 relancer les activit\u00e9s de toute la fili\u00e8re touristique de la destination. Outre la marche nationale, cette action ciblera plusieurs march\u00e9s \u00e9metteurs, en l\u2019occurrence les march\u00e9s fran\u00e7ais, allemand, anglais et belge.<\/span><\/p>\n<p class=\"p1\"><span class=\"s1\">Pour y arriver, le CRT choisira les jours o\u00f9 viendra une agence de communication susceptible d\u2019organiser une op\u00e9ration \u00abinfluenceurs en ligne\u00bb portant sur la destination d\u2019Agadir Souss-Massa et incarn\u00e9e par une s\u00e9lection de blogueurs\/influenceurs. Elle aura pour mission de d\u00e9velopper la visibilit\u00e9 en ligne de la destination Agadir et sa r\u00e9gion Souss-Massa, identifier et recruter des blogueurs\/influenceurs en ligne, et organiser l\u2019op\u00e9ration pour la cr\u00e9ation de contenu par les influenceurs sur le territoire et l\u2019animation de ce contenu en ligne.<\/span><\/p>\n<p class=\"p1\"><span class=\"s1\">Il va sans dire que la promotion de la destination Agadir figure parmi les importants axes du nouveau Plan d\u2019action baptis\u00e9 Papa 2019-2021 pr\u00e9sent\u00e9 en grande pompe \u00e0 la fin du mois de mars dernier par le CRT et qui positionne le digital au c\u0153ur de la nouvelle d\u00e9marche adopt\u00e9e pour promouvoir la destination. En effet, ce plan pr\u00e9voit une strat\u00e9gie digitale performante et progressive sur trois ans qui servira \u00e0 am\u00e9liorer la visibilit\u00e9 de la destination et sa promotion \u00e0 travers diff\u00e9rents canaux et pour diff\u00e9rents march\u00e9s.<\/span><\/p>\n<p class=\"p1\"><span class=\"s1\">Ladite strat\u00e9gie entend optimiser les leviers existants \u00e0 travers de nouveaux modules de proposition de circuits, la mise \u00e0 jour graphique du site, et \u00e9galement identifier les \u00abtouchpoints\u00bb efficaces pour fid\u00e9liser les clients et am\u00e9liorer le r\u00e9achat, et l\u2019exploitation de la puissance du digital dans la conqu\u00eate de nouveaux territoires. Rappelons que le nombre de nuit\u00e9es touristiques enregistr\u00e9es durant les deux premiers mois de cette ann\u00e9e dans les h\u00f4tels, clubs et r\u00e9sidences touristiques class\u00e9s de la ville d\u2019Agadir a atteint 743.609 contre 721.199 durant la m\u00eame p\u00e9riode de 2018, soit une progression de 3,11%.<\/span><\/p>\n<p class=\"p1\"><span class=\"s1\">Le march\u00e9 fran\u00e7ais arrive en t\u00eate avec un total de 191.105 nuit\u00e9es contre 172.613 nuit\u00e9es comptabilis\u00e9es en janvier et f\u00e9vrier 2018, soit une hausse de 10,71%. Les touristes allemands arrivent en deuxi\u00e8me position, totalisant 140.789 nuit\u00e9es (-6,32%), suivis des visiteurs anglais avec 119.544 nuit\u00e9es (+27,61%). Les touristes nationaux figurent en quatri\u00e8me place avec 101.982 nuit\u00e9es, contre 89.316 durant les deux premiers mois de 2018, soit une hausse de 14,18%.<\/span><\/p>\n<p>Auteur: Mohamed Laabid<br \/>\n<a href=\"http:\/\/aujourdhui.ma\/economie\/pour-promouvoir-la-destination-agadir-le-crt-lancera-une-campagne-de-marketing-dinfluence-sur-le-marche-national-et-international\">Cliquez ici pour lire l&rsquo;article depuis sa source.<\/a><\/p>\n","protected":false},"excerpt":{"rendered":"<p>Dans le cadre du plan d\u2019action de communication et de promotion touristique conjoint avec l\u2019Office national marocain du tourisme (ONMT), le Conseil r\u00e9gional du tourisme d\u2019Agadir Souss-Massa (CRT) lance une consultation pour la mise en place d\u2019une campagne de marketing d\u2019influence sur le march\u00e9 national et international, qui a pour objectif la relance des activit\u00e9s [&hellip;]<\/p>\n","protected":false},"author":1759,"featured_media":0,"comment_status":"closed","ping_status":"closed","sticky":false,"template":"","format":"standard","meta":{"fifu_image_url":"","fifu_image_alt":"","footnotes":""},"categories":[73,54],"tags":[],"class_list":["post-33593","post","type-post","status-publish","format-standard","hentry","category-actualite","category-maroc"],"_links":{"self":[{"href":"https:\/\/linitiative.ca\/International\/wp-json\/wp\/v2\/posts\/33593","targetHints":{"allow":["GET"]}}],"collection":[{"href":"https:\/\/linitiative.ca\/International\/wp-json\/wp\/v2\/posts"}],"about":[{"href":"https:\/\/linitiative.ca\/International\/wp-json\/wp\/v2\/types\/post"}],"author":[{"embeddable":true,"href":"https:\/\/linitiative.ca\/International\/wp-json\/wp\/v2\/users\/1759"}],"replies":[{"embeddable":true,"href":"https:\/\/linitiative.ca\/International\/wp-json\/wp\/v2\/comments?post=33593"}],"version-history":[{"count":0,"href":"https:\/\/linitiative.ca\/International\/wp-json\/wp\/v2\/posts\/33593\/revisions"}],"wp:attachment":[{"href":"https:\/\/linitiative.ca\/International\/wp-json\/wp\/v2\/media?parent=33593"}],"wp:term":[{"taxonomy":"category","embeddable":true,"href":"https:\/\/linitiative.ca\/International\/wp-json\/wp\/v2\/categories?post=33593"},{"taxonomy":"post_tag","embeddable":true,"href":"https:\/\/linitiative.ca\/International\/wp-json\/wp\/v2\/tags?post=33593"}],"curies":[{"name":"wp","href":"https:\/\/api.w.org\/{rel}","templated":true}]}}