{"id":33594,"date":"2019-05-11T05:05:35","date_gmt":"2019-05-11T09:05:35","guid":{"rendered":"https:\/\/linitiative.ca\/International\/9eme-printemps-des-livres-jeunesse-du-23-au-25-mai-a-meknes\/"},"modified":"2019-05-11T05:05:35","modified_gmt":"2019-05-11T09:05:35","slug":"9eme-printemps-des-livres-jeunesse-du-23-au-25-mai-a-meknes","status":"publish","type":"post","link":"https:\/\/linitiative.ca\/International\/9eme-printemps-des-livres-jeunesse-du-23-au-25-mai-a-meknes\/","title":{"rendered":"9\u00e8me Printemps des livres jeunesse du 23 au 25 mai \u00e0 Mekn\u00e8s"},"content":{"rendered":"<header>\n<div class=\"entry-post-meta\">\n<div class=\"author-link\">Publi\u00e9 par <a itemprop=\"author\" itemscope=\"\" itemtype=\"https:\/\/schema.org\/Person\" href=\"http:\/\/aujourdhui.ma\/profile\/kaid\" rel=\"author\"><span itemprop=\"name\">ALM<\/span><\/a><\/div>\n<p>Date\u00a0:<time content=\"2019-05-11T09:05:35+00:00\" class=\"entry-date updated\" datetime=\"2019-05-11T09:05:35+00:00\">mai 11, 2019<\/time><\/p>\n<div class=\"entry-cat\">dans:<a href=\"http:\/\/aujourdhui.ma\/category\/culture\/livre\" rel=\"category tag\">Livre<\/a><\/div>\n<p>2Vues<\/p>\n<\/div>\n<\/header>\n<div class=\"entry-content clearfix\" readability=\"49\"><img decoding=\"async\" class=\"post_layout_5_img\" src=\"http:\/\/aujourdhui.ma\/wp-content\/uploads\/2019\/05\/Mokhtar-Amanat-Allah-Printemps-des-livres-jeunesse.jpg?x29840\" alt=\"9\u00e8me Printemps des livres jeunesse du 23 au 25 mai \u00e0 Mekn\u00e8s\"\/><\/p>\n<p class=\"p1\"><span class=\"s1\"><span class=\"c4\"><strong>La 9\u00e8me \u00e9dition de la \u00abCigogne volubile, printemps des livres jeunesse du Maroc\u00bb aura lieu du 23 au 25 mai \u00e0 Mekn\u00e8s, \u00e0 l\u2019initiative de l\u2019Institut fran\u00e7ais.<\/strong><\/span><\/span> <span id=\"more-310876\"\/><\/p>\n<p class=\"p1\"><span class=\"s1\">Ce programme culturel et ludique emm\u00e8nera cette ann\u00e9e lecteurs, orateurs et public des contes dans \u00ables univers enchanteurs d\u2019un voyage initiatique \u00e0 travers l\u2019Afrique\u00bb. Trois jours durant, auteurs, illustrateurs, conteurs, libraires, com\u00e9diens et musiciens seront pr\u00e9sents pour accompagner les jeunes lecteurs \u00e0 la d\u00e9couverte du monde des livres, qui ont \u00able pouvoir de faire voyager, d\u2019instruire et de construire le regard sur le monde\u00bb, indique l\u2019Institut fran\u00e7ais.<\/span><\/p>\n<\/div>\n<p>Auteur: ALM<br \/>\n<a href=\"http:\/\/aujourdhui.ma\/culture\/livre\/9eme-printemps-des-livres-jeunesse-du-23-au-25-mai-a-meknes\">Cliquez ici pour lire l&rsquo;article depuis sa source.<\/a><\/p>\n","protected":false},"excerpt":{"rendered":"<p>Publi\u00e9 par ALM Date\u00a0:mai 11, 2019 dans:Livre 2Vues La 9\u00e8me \u00e9dition de la \u00abCigogne volubile, printemps des livres jeunesse du Maroc\u00bb aura lieu du 23 au 25 mai \u00e0 Mekn\u00e8s, \u00e0 l\u2019initiative de l\u2019Institut fran\u00e7ais. Ce programme culturel et ludique emm\u00e8nera cette ann\u00e9e lecteurs, orateurs et public des contes dans \u00ables univers enchanteurs d\u2019un voyage [&hellip;]<\/p>\n","protected":false},"author":1759,"featured_media":0,"comment_status":"closed","ping_status":"closed","sticky":false,"template":"","format":"standard","meta":{"fifu_image_url":"","fifu_image_alt":"","footnotes":""},"categories":[73,54],"tags":[],"class_list":["post-33594","post","type-post","status-publish","format-standard","hentry","category-actualite","category-maroc"],"_links":{"self":[{"href":"https:\/\/linitiative.ca\/International\/wp-json\/wp\/v2\/posts\/33594","targetHints":{"allow":["GET"]}}],"collection":[{"href":"https:\/\/linitiative.ca\/International\/wp-json\/wp\/v2\/posts"}],"about":[{"href":"https:\/\/linitiative.ca\/International\/wp-json\/wp\/v2\/types\/post"}],"author":[{"embeddable":true,"href":"https:\/\/linitiative.ca\/International\/wp-json\/wp\/v2\/users\/1759"}],"replies":[{"embeddable":true,"href":"https:\/\/linitiative.ca\/International\/wp-json\/wp\/v2\/comments?post=33594"}],"version-history":[{"count":0,"href":"https:\/\/linitiative.ca\/International\/wp-json\/wp\/v2\/posts\/33594\/revisions"}],"wp:attachment":[{"href":"https:\/\/linitiative.ca\/International\/wp-json\/wp\/v2\/media?parent=33594"}],"wp:term":[{"taxonomy":"category","embeddable":true,"href":"https:\/\/linitiative.ca\/International\/wp-json\/wp\/v2\/categories?post=33594"},{"taxonomy":"post_tag","embeddable":true,"href":"https:\/\/linitiative.ca\/International\/wp-json\/wp\/v2\/tags?post=33594"}],"curies":[{"name":"wp","href":"https:\/\/api.w.org\/{rel}","templated":true}]}}