{"id":33595,"date":"2019-05-11T05:07:21","date_gmt":"2019-05-11T09:07:21","guid":{"rendered":"https:\/\/linitiative.ca\/International\/casablanca-kidnapping-et-torture-sur-fond-de-reglement-de-comptes\/"},"modified":"2019-05-11T05:07:21","modified_gmt":"2019-05-11T09:07:21","slug":"casablanca-kidnapping-et-torture-sur-fond-de-reglement-de-comptes","status":"publish","type":"post","link":"https:\/\/linitiative.ca\/International\/casablanca-kidnapping-et-torture-sur-fond-de-reglement-de-comptes\/","title":{"rendered":"Casablanca : Kidnapping et torture sur fond de r\u00e8glement de comptes"},"content":{"rendered":"<header>\n<\/header>\n<div class=\"entry-content clearfix\" readability=\"65\"><img decoding=\"async\" class=\"post_layout_5_img\" src=\"http:\/\/aujourdhui.ma\/wp-content\/uploads\/2016\/06\/police-Maroc.jpg?x29840\" alt=\"Casablanca : Kidnapping et torture sur fond de r\u00e8glement de comptes\"\/><\/p>\n<p class=\"p1\"><span class=\"s1 c5\"><span class=\"c4\"><strong>Ils sont, tous les deux, voisins au quartier Al Massira III, relevant de la pr\u00e9fecture Moulay Rachid, \u00e0 Casablanca. Encore adolescents, un malentendu planait sur leur relation au point qu\u2019au fil des jours chacun d\u2019eux a commenc\u00e9 \u00e0 garder une rancune contre l\u2019autre.<\/strong><\/span><\/span><span id=\"more-311008\"\/><\/p>\n<p class=\"p1\"><span class=\"s1\">Et depuis, l\u2019id\u00e9e de r\u00e9gler ces comptes a germ\u00e9 dans la t\u00eate de l\u2019un et de l\u2019autre. A la premi\u00e8re occasion, l\u2019un d\u2019eux a maltrait\u00e9 violemment l\u2019autre au point qu\u2019il lui a caus\u00e9 une fracture. L\u2019agresseur a \u00e9t\u00e9 arr\u00eat\u00e9 par les \u00e9l\u00e9ments de la police de l\u2019arrondissement de Hay Al Falah qui l\u2019ont traduit devant le procureur du Roi pr\u00e8s le tribunal de premi\u00e8re instance de Casablanca. L\u2019agresseur sera jug\u00e9 et condamn\u00e9 \u00e0 une peine d\u2019emprisonnement.<\/span><\/p>\n<p class=\"p1\"><span class=\"s1\">Furieuse, la famille de l\u2019agresseur qui ne concevait pas que son fils soit emprisonn\u00e9 a d\u00e9cid\u00e9 de se venger. D\u00e8s lors, elle s\u2019est engag\u00e9e dans une violente confrontation avec la famille de la victime. Leurs voisins sont \u00e0 maintes fois intervenus pour les rendre \u00e0 la raison. Certes, ils ont plusieurs fois r\u00e9ussi \u00e0 \u00e9viter le pire, mais ce n\u2019\u00e9tait que partie remise. Car, les deux fr\u00e8res de la victime \u00e9taient d\u00e9cid\u00e9s \u00e0 se venger. A bord de leur voiture, ils ont coup\u00e9 le chemin \u00e0 l\u2019un des fr\u00e8res de l\u2019agresseur qui \u00e9tait en prison. Ils l\u2019ont conduit vers un lieu loin des curieux o\u00f9 ils l\u2019ont tortur\u00e9, lui ont ras\u00e9 le cr\u00e2ne. Ils l\u2019ont \u00e9galement oblig\u00e9 \u00e0 se d\u00e9shabiller et l\u2019ont photographi\u00e9 tout nu avec leurs smartphones avant de l\u2019abandonner et retourner chez eux comme si de rien ne s\u2019\u00e9tait pass\u00e9.<\/span><\/p>\n<p class=\"p1\"><span class=\"s1\">Rentr\u00e9 chez lui dans un \u00e9tat lamentable, il a aussit\u00f4t \u00e9t\u00e9 conduit par sa m\u00e8re au commissariat de police pour porter plainte. Menant une surveillance minutieuse, les limiers sont arriv\u00e9s \u00e0 arr\u00eater les deux fr\u00e8res de la victime et \u00e0 saisir leur voiture \u00e0 bord de laquelle ils ont remarqu\u00e9 le reste des cheveux ras\u00e9s.<\/span><\/p>\n<\/div>\n<p>Auteur: Abderrafii ALOUMLIKI<br \/>\n<a href=\"http:\/\/aujourdhui.ma\/faits-divers\/casablanca-kidnapping-et-torture-sur-fond-de-reglement-de-comptes\">Cliquez ici pour lire l&rsquo;article depuis sa source.<\/a><\/p>\n","protected":false},"excerpt":{"rendered":"<p>Ils sont, tous les deux, voisins au quartier Al Massira III, relevant de la pr\u00e9fecture Moulay Rachid, \u00e0 Casablanca. Encore adolescents, un malentendu planait sur leur relation au point qu\u2019au fil des jours chacun d\u2019eux a commenc\u00e9 \u00e0 garder une rancune contre l\u2019autre. Et depuis, l\u2019id\u00e9e de r\u00e9gler ces comptes a germ\u00e9 dans la t\u00eate [&hellip;]<\/p>\n","protected":false},"author":1759,"featured_media":0,"comment_status":"closed","ping_status":"closed","sticky":false,"template":"","format":"standard","meta":{"fifu_image_url":"","fifu_image_alt":"","footnotes":""},"categories":[73,54],"tags":[],"class_list":["post-33595","post","type-post","status-publish","format-standard","hentry","category-actualite","category-maroc"],"_links":{"self":[{"href":"https:\/\/linitiative.ca\/International\/wp-json\/wp\/v2\/posts\/33595","targetHints":{"allow":["GET"]}}],"collection":[{"href":"https:\/\/linitiative.ca\/International\/wp-json\/wp\/v2\/posts"}],"about":[{"href":"https:\/\/linitiative.ca\/International\/wp-json\/wp\/v2\/types\/post"}],"author":[{"embeddable":true,"href":"https:\/\/linitiative.ca\/International\/wp-json\/wp\/v2\/users\/1759"}],"replies":[{"embeddable":true,"href":"https:\/\/linitiative.ca\/International\/wp-json\/wp\/v2\/comments?post=33595"}],"version-history":[{"count":0,"href":"https:\/\/linitiative.ca\/International\/wp-json\/wp\/v2\/posts\/33595\/revisions"}],"wp:attachment":[{"href":"https:\/\/linitiative.ca\/International\/wp-json\/wp\/v2\/media?parent=33595"}],"wp:term":[{"taxonomy":"category","embeddable":true,"href":"https:\/\/linitiative.ca\/International\/wp-json\/wp\/v2\/categories?post=33595"},{"taxonomy":"post_tag","embeddable":true,"href":"https:\/\/linitiative.ca\/International\/wp-json\/wp\/v2\/tags?post=33595"}],"curies":[{"name":"wp","href":"https:\/\/api.w.org\/{rel}","templated":true}]}}