{"id":33598,"date":"2019-05-11T05:11:28","date_gmt":"2019-05-11T09:11:28","guid":{"rendered":"https:\/\/linitiative.ca\/International\/scene-de-sale-au-festival-mawazine-la-musique-marocaine-sous-toutes-ses-facettes\/"},"modified":"2019-05-11T05:11:28","modified_gmt":"2019-05-11T09:11:28","slug":"scene-de-sale-au-festival-mawazine-la-musique-marocaine-sous-toutes-ses-facettes","status":"publish","type":"post","link":"https:\/\/linitiative.ca\/International\/scene-de-sale-au-festival-mawazine-la-musique-marocaine-sous-toutes-ses-facettes\/","title":{"rendered":"Sc\u00e8ne de Sal\u00e9 au Festival Mawazine : La musique marocaine sous toutes ses facettes"},"content":{"rendered":"<p><img decoding=\"async\" class=\"post_layout_5_img\" src=\"http:\/\/aujourdhui.ma\/wp-content\/uploads\/2019\/05\/Mawazine-2019.jpg?x29840\" alt=\"Sc\u00e8ne de Sal\u00e9 au Festival Mawazine : La musique marocaine sous toutes ses facettes\"\/><\/p>\n<p class=\"p1\"><span class=\"s1 c4\"><strong>Les amateurs et inconditionnels de la musique gnaoua retrouveront le spectacle du Ma\u00e2lem Hamid El Kasri &#038; Guests le jeudi 27 juin. Un des ma\u00e2lem les plus appr\u00e9ci\u00e9s et les plus sollicit\u00e9s.<\/strong><\/span><span id=\"more-310976\"\/><\/p>\n<p class=\"p1\"><span class=\"s1\">La 18e \u00e9dition du Festival Mawazine-Rythmes du Monde offrira, du 21 au 29 juin, neuf belles soir\u00e9es sur la sc\u00e8ne de Sal\u00e9 avec la participation des plus grands noms de la musique cha\u00e2bi, amazighe, ra\u00ef, a\u00efta, gnaoua, fusion, pop, trap et hip-hop, ont annonc\u00e9 jeudi les organisateurs.<\/span><\/p>\n<p class=\"p1\"><span class=\"s1\">Comme chaque ann\u00e9e, le festival, plac\u00e9 sous le Haut patronage de Sa Majest\u00e9 le Roi Mohammed VI, r\u00e9serve plus de la moiti\u00e9 de sa programmation aux artistes marocains, indique un communiqu\u00e9 de Maroc Cultures, soulignant qu\u2019avec deux concerts par soir, la musique marocaine sera pr\u00e9sent\u00e9e <em>\u00absous toutes ses facettes sur la sc\u00e8ne de Sal\u00e9\u00bb.<\/em> La soir\u00e9e d\u2019ouverture sur la sc\u00e8ne de Sal\u00e9 promet d\u2019\u00eatre festive avec les sonorit\u00e9s du cha\u00e2bi marocain. Vendredi 21 juin, le public aura rendez-vous avec la chanteuse Zahira Rbatia, suivie du chanteur et violoniste casablancais Mustapha Bourgogne, un des artistes les plus adul\u00e9s de la musique cha\u00e2bi, poursuit le communiqu\u00e9. Samedi 22 juin, la sc\u00e8ne de Sal\u00e9 brillera sous les rythmes des chants rifains et de la reggada avec Rabeh Mariwari. Ce disciple de grands ma\u00eetres tels que Sallam Rifi et Mokhtar El Berkani a sorti plus de huit albums tr\u00e8s populaires et se produit au Maroc comme \u00e0 l\u2019\u00e9tranger.<\/span><\/p>\n<p class=\"p1\"><span class=\"s1\">Le public aura ensuite rendez-vous avec la star montante Zouhair Bahaoui. Ce jeune t\u00e9touanais s\u2019est fait conna\u00eetre en 2016 avec le single Tsala Liya Solde qui a attir\u00e9 plus de 30 millions de vues sur Youtube. Alliant rythmes pop et influences marocaines, Zouhair Bahaoui a su toucher un tr\u00e8s large public avec des titres tels que Ba\u00e2di Ba\u00e2di, Hasta Luego ou le tout dernier D\u00e9capotable, selon les organisateurs.<\/span><\/p>\n<p class=\"p1\"><span class=\"s1\">Ces derniers font savoir \u00e9galement que la soir\u00e9e du dimanche 23 juin proposera deux grands noms de la chanson marocaine. D\u2019abord avec le chanteur et talentueux guitariste Jbara, qui pr\u00e9sentera un riche r\u00e9pertoire m\u00ealant sonorit\u00e9s amazighes, andalouses, ra\u00ef, gnaoua, reggae, flamenco, rock et soul. Ensuite avec la diva sahraouie Saida Charaf, dont le talent et la voix ne laissent personne indiff\u00e9rent, ajoute-t-on de m\u00eame source.<\/span><\/p>\n<p class=\"p1\"><span class=\"s1\">Lundi 24 juin, la sc\u00e8ne de Sal\u00e9 pr\u00e9sentera la chanteuse Titrit, a-t-on signal\u00e9. De son vrai nom Sa\u00efda Akil, Titrit est consid\u00e9r\u00e9e parmi les premi\u00e8res femmes qui ont modernis\u00e9, avec beaucoup de succ\u00e8s, la chanson amazighe.<\/span><\/p>\n<p class=\"p1\"><span class=\"s1\">Le public sera ensuite en f\u00eate pour le tr\u00e8s attendu Reda Taliani. Star du ra\u00ef, cet artiste alg\u00e9rien aux succ\u00e8s multiples a \u00e9t\u00e9 r\u00e9v\u00e9l\u00e9 en 2004 gr\u00e2ce au tube Jos\u00e9phine. Alliant cha\u00e2bi, ra\u00ef et sonorit\u00e9s modernes, ses titres portent des messages forts qui s\u2019adressent \u00e0 la jeunesse maghr\u00e9bine.<\/span><\/p>\n<p class=\"p1\"><span class=\"s1\">Le mardi 25 juin, c\u2019est la Raissa Aicha Tachinwit qui offrira au public un spectacle unique en danses et en chants amazighs, suivie du chanteur de ra\u00ef marocain Youness, rel\u00e8vent-ils, rappelant que ce jeune artiste rencontre un grand succ\u00e8s depuis plus de trois ans. Son dernier single I Love You a atteint \u00e0 ce jour plus de 50 millions de vues sur Youtube.<\/span><\/p>\n<p class=\"p1\"><span class=\"s1\">Quant \u00e0 la soir\u00e9e du mercredi 26 juin, note le communiqu\u00e9, elle sera d\u2019abord anim\u00e9e par deux talents de la musique marocaine actuelle : la jeune chanteuse marrakchie Manal et le rappeur marocain 7ari.<\/span><\/p>\n<p><a href=\"http:\/\/aujourdhui.ma\/wp-content\/uploads\/2019\/05\/Mawazine-2019-.jpg?x29840\"><img loading=\"lazy\" decoding=\"async\" class=\"size-full wp-image-310992 aligncenter\" src=\"http:\/\/aujourdhui.ma\/wp-content\/uploads\/2019\/05\/Mawazine-2019-.jpg?x29840\" alt=\"\" width=\"746\" height=\"380\" srcset=\"http:\/\/aujourdhui.ma\/wp-content\/uploads\/2019\/05\/Mawazine-2019-.jpg 746w, http:\/\/aujourdhui.ma\/wp-content\/uploads\/2019\/05\/Mawazine-2019--300x153.jpg 300w\" sizes=\"auto, (max-width: 746px) 100vw, 746px\"\/><\/a><\/p>\n<p class=\"p1\"><span class=\"s1\">Manal s\u2019impose aujourd\u2019hui comme une figure de la pop et du trap marocain, elle fait vibrer la Toile avec des tubes tels que Slay et Pas le Choix. Quant \u00e0 7ari, il incarne une nouvelle g\u00e9n\u00e9ration de rappeurs marocains ultra-connect\u00e9s. Cet originaire de Rabat est \u00e0 la fois rappeur, chanteur de Rnb Pop\/Rock alternatif et guitariste. C\u2019est en 2012 qu\u2019il sort son premier single Ma\u00e2ndkom Madiro, il encha\u00eene ensuite plusieurs morceaux tels que L\u2019Oseille, Choukran ou les tout derniers Amigos et \u00e2aym.<\/span><\/p>\n<p class=\"p1\"><span class=\"s1\">Le concert se poursuivra avec les flows du rappeur casablancais Lbenj, pr\u00e9cise la source, signalant que cet artiste pr\u00e9sente un r\u00e9pertoire tr\u00e8s riche et a collabor\u00e9 avec de nombreux artistes tels que Mr Crazy, Hliwa, Lferda et Ali Ssamid. Apr\u00e8s un premier album Galaxy sorti en 2017, Lbenj a d\u00e9voil\u00e9 en 2018 le tube Noir et blanc qui a r\u00e9colt\u00e9 plus de 2,5 millions de vues sur Youtube. Il vient de lancer en mars dernier son nouvel opus Milliard.<\/span><\/p>\n<p class=\"p1\"><span class=\"s1\">L\u2019Association r\u00e9v\u00e8le, par ailleurs, que les amateurs et inconditionnels de la musique gnaoua retrouveront le spectacle du Ma\u00e2lem Hamid El Kasri &#038; Guests le jeudi 27 juin. Un des ma\u00e2lem les plus appr\u00e9ci\u00e9s et les plus sollicit\u00e9s, El Kasri concilie les rythmes Gnaoua du nord et du sud du Maroc et a la capacit\u00e9 de fusionner, avec aisance, de multiples styles musicaux. R\u00e9put\u00e9 pour sa voix profonde et unique, El Kasri offrira un concert qui verra la participation de plusieurs invit\u00e9s surprises.<\/span><\/p>\n<p class=\"p1\"><span class=\"s1\">La sc\u00e8ne de Sal\u00e9 accueillera ensuite le fameux trio marrakchi Fnaire. Riche d\u2019une carri\u00e8re de pr\u00e8s de 18 ans, cette formation s\u2019inspire du hip-hop et reste tr\u00e8s fid\u00e8le \u00e0 ses racines marocaines. Le groupe a encha\u00een\u00e9 les succ\u00e8s, dont le tout r\u00e9cent tube Dilbar, produit en collaboration avec la chanteuse canado-marocaine Nora Fatehi. La chanson a attir\u00e9 plus de 2,4 millions de vues en moins de 24 heures.<\/span><\/p>\n<p class=\"p1\"><span class=\"s1\">Le vendredi 28 juin s\u2019annoncera festif, selon les organisateurs. Place \u00e0 la musique cha\u00e2bi et l\u2019a\u00efta, avec la chanteuse Ikram El Abdia en premi\u00e8re partie de la soir\u00e9e, suivie du tr\u00e8s populaire violoniste et chanteur Abdellah Daoudi.<\/span><\/p>\n<p class=\"p1\"><span class=\"s1\">Pour la soir\u00e9e de cl\u00f4ture, Mawazine r\u00e9serve deux concerts exceptionnels, signalent les organisateurs, ajoutant que le public dansera sur les rythmes ra\u00ef du chanteur Hamid El Mardi, avant de c\u00e9der la place \u00e0 l\u2019une des plus grandes stars du chaabi marocain Zina Daoudia.<\/span><\/p>\n<p>Auteur: ALM<br \/>\n<a href=\"http:\/\/aujourdhui.ma\/culture\/musique\/scene-de-sale-au-festival-mawazine-la-musique-marocaine-sous-toutes-ses-facettes\">Cliquez ici pour lire l&rsquo;article depuis sa source.<\/a><\/p>\n","protected":false},"excerpt":{"rendered":"<p>Les amateurs et inconditionnels de la musique gnaoua retrouveront le spectacle du Ma\u00e2lem Hamid El Kasri &#038; Guests le jeudi 27 juin. Un des ma\u00e2lem les plus appr\u00e9ci\u00e9s et les plus sollicit\u00e9s. La 18e \u00e9dition du Festival Mawazine-Rythmes du Monde offrira, du 21 au 29 juin, neuf belles soir\u00e9es sur la sc\u00e8ne de Sal\u00e9 avec [&hellip;]<\/p>\n","protected":false},"author":1759,"featured_media":0,"comment_status":"closed","ping_status":"closed","sticky":false,"template":"","format":"standard","meta":{"fifu_image_url":"","fifu_image_alt":"","footnotes":""},"categories":[73,54],"tags":[],"class_list":["post-33598","post","type-post","status-publish","format-standard","hentry","category-actualite","category-maroc"],"_links":{"self":[{"href":"https:\/\/linitiative.ca\/International\/wp-json\/wp\/v2\/posts\/33598","targetHints":{"allow":["GET"]}}],"collection":[{"href":"https:\/\/linitiative.ca\/International\/wp-json\/wp\/v2\/posts"}],"about":[{"href":"https:\/\/linitiative.ca\/International\/wp-json\/wp\/v2\/types\/post"}],"author":[{"embeddable":true,"href":"https:\/\/linitiative.ca\/International\/wp-json\/wp\/v2\/users\/1759"}],"replies":[{"embeddable":true,"href":"https:\/\/linitiative.ca\/International\/wp-json\/wp\/v2\/comments?post=33598"}],"version-history":[{"count":0,"href":"https:\/\/linitiative.ca\/International\/wp-json\/wp\/v2\/posts\/33598\/revisions"}],"wp:attachment":[{"href":"https:\/\/linitiative.ca\/International\/wp-json\/wp\/v2\/media?parent=33598"}],"wp:term":[{"taxonomy":"category","embeddable":true,"href":"https:\/\/linitiative.ca\/International\/wp-json\/wp\/v2\/categories?post=33598"},{"taxonomy":"post_tag","embeddable":true,"href":"https:\/\/linitiative.ca\/International\/wp-json\/wp\/v2\/tags?post=33598"}],"curies":[{"name":"wp","href":"https:\/\/api.w.org\/{rel}","templated":true}]}}