{"id":33600,"date":"2019-05-10T07:57:26","date_gmt":"2019-05-10T11:57:26","guid":{"rendered":"https:\/\/linitiative.ca\/International\/les-atouts-dune-region\/"},"modified":"2019-05-10T07:57:26","modified_gmt":"2019-05-10T11:57:26","slug":"les-atouts-dune-region","status":"publish","type":"post","link":"https:\/\/linitiative.ca\/International\/les-atouts-dune-region\/","title":{"rendered":"Les atouts d\u2019une r\u00e9gion!"},"content":{"rendered":"<p class=\"c4\"><span class=\"c3\"><strong>\u00ab<span class=\"c2\">T<\/span>aciturne et peu bavard\u00bb, disent les uns, \u00abDiscret \u00e0 outrance\u00bb, r\u00e9torquent les autres. \u00abPas assez fonceur\u00bb, estiment les malins ou encore \u00abFin m\u00e9thodique\u00bb, reconnaissent les sages\u2026Tels seraient, sans doute, les r\u00e9flexions des observateurs de la r\u00e9gion Souss Massa \u00e0 l\u2019adresse du Wali.<\/strong><\/span><\/p>\n<p class=\"c4\">Conscient de l\u2019acuit\u00e9 de cette transition, il s\u2019ing\u00e9nie \u00e0 proc\u00e9der, faut-il bien le rappeler, avec pond\u00e9ration et doigt\u00e9. Il est clair que l\u2019homme, depuis son av\u00e8nement, a horreur des coups de projecteurs et de manchettes louant ses \u00e9volutions, tout en tenant du recul envelopp\u00e9 de respect certain. Cette minutie qu\u2019il arbore n\u2019a d\u2019\u00e9gal que son temp\u00e9rament sobre mais lucide.Qu\u2019y a \u2013t-il donc derri\u00e8re cette physionomie rassise et pos\u00e9e?<\/p>\n<p class=\"c4\">Visiblement, il opte r\u00e9solument pour une strat\u00e9gie inclusive consistant \u00e0 favoriser, d\u2019abord, l\u2019\u00e9coute et l\u2019\u00e9change, parmi toutes les constituantes en pr\u00e9sence. La parole est d\u00e9lib\u00e9r\u00e9ment donn\u00e9e \u00e0 autrui pour s\u2019exprimer dans la foul\u00e9e, sur l\u2019\u00e9tat d\u2019avancement des r\u00e9alisations de projets et les contraintes et les insuffisances qui s\u00e9vissent encore. Pendant ce temps, il se contente d\u2019\u00e9couter et de prendre note avant d\u2019exhorter vivement l\u2019assistance\u00a0 \u00e0 mutualiser les \u00e9nergies et capitaliser les ressources dont regorgent ces zones respectives.<\/p>\n<p class=\"c4\">Ce tour d\u2019horizon s\u2019av\u00e8re donc indispensable en vue d\u2019\u00e9tablir des constats fiables et dresser des bilans av\u00e9r\u00e9s, \u00e0 partir de cette large \u00e9bauche de proximit\u00e9. Il est, en fait, bien clair que cette d\u00e9marche empreinte de m\u00e9thode,\u00a0 ambitionne de constituer des dossiers plausibles sur telle ou telle question aff\u00e9rentes aux mesures \u00e0 prendre.<\/p>\n<p class=\"c4\">Dans le m\u00eame ordre d\u2019id\u00e9es, il convient aussi de souligner que cette option participative est cens\u00e9e inciter tous les intervenants des affaires locales \u00e0 interagir dans la synergie et la communion. Maintenant que les visions sont, \u00e0 priori, plus tangibles et les chemins \u00e0 suivre plus d\u00e9gag\u00e9s et balis\u00e9s, on s\u2019attendra \u00e0 des r\u00e9actions plus concr\u00e8tes. Nul\u00a0 besoin de rappeler que les besoins sont de plus en plus intensifs et insistants. Au-del\u00e0 des enjeux structurants qui assaillent une m\u00e9tropole agissante telle Agadir, avec ses satellites p\u00e9riurbains en mal de progression, l\u2019int\u00e9r\u00eat est quasiment focalis\u00e9 sur le monde rural qui repr\u00e9sente la quasi-totalit\u00e9 du territoire de la pr\u00e9fecture. L\u00e0-dessus, les affres de la vie quotidienne sont saillantes et criardes.<\/p>\n<p class=\"c4\">En faisant le contour de ces patelins, depuis les sites baln\u00e9aires du littoral aux confins des M\u2019sguina, en passant par les sommets des Ida Outanane, les d\u00e9ficits prolif\u00e8rent, en termes de dotation en eau potable, \u00e0 cause des aridit\u00e9s \u00e9touffantes, d\u2019alimentation en \u00e9lectricit\u00e9 dans les douars les plus recul\u00e9s, de mise en place de r\u00e9seaux d\u2019acc\u00e8s, de lutte contre l\u2019enclavement, la pr\u00e9carit\u00e9 et la paup\u00e9risation, de mise en \u0153uvre d\u2019\u00e9coles de qualit\u00e9 \u00e0 m\u00eame de r\u00e9sorber le d\u00e9crochage et l\u2019abandon scolaires, de structures de sant\u00e9 o\u00f9 les soins sont \u00e0 port\u00e9e de main, d\u2019aires de sport, de culture et de cr\u00e9ation en mesure de combler les jeunes, de moyens de transport susceptibles de permettre les d\u00e9placements dans le confort, la r\u00e9gularit\u00e9 et l\u2019abondance\u2026Une feuille de route qui ne tient pas en compte toutes ces dispositions sine qua non au service des citoyens est, immanquablement, vou\u00e9e \u00e0 l\u2019\u00e9chec. Car l\u2019\u00e9l\u00e9ment humain demeure au centre de toute expansion escompt\u00e9e.<\/p>\n<p class=\"c4\">Dans ce sens, il est constat\u00e9 que la culture de conflit, qu\u2019on avait l\u2019habitude de percevoir par le pass\u00e9 non sans amertume, n\u2019a plus, apparemment, de place dans cet entrain mutualiste et f\u00e9d\u00e9rateur. Le d\u00e9veloppement p\u00e9renne auquel aspirent les populations, en particulier celles qui endurent la mis\u00e8re et le d\u00e9nuement n\u2019est, en effet, possible que dans l\u2019optimisation des efforts de toutes les parties en pr\u00e9sence.<\/p>\n<p class=\"c4\">Le r\u00e9el meneur d\u2019homme est incontestablement celui qui puisse rassembler tout ce potentiel humain et naturel et aller de l\u2019avant, dans un esprit solidaire et cr\u00e9atif. Vraisemblablement, la r\u00e9gion Souss Massa en a tous les moyens.\u00a0 Certes, la route est parsem\u00e9e d\u2019embuches, mais la volont\u00e9 y est!<\/p>\n<p>Auteur: rahal mehamed<br \/>\n<a href=\"http:\/\/albayane.press.ma\/les-atouts-dune-region.html\">Cliquez ici pour lire l&rsquo;article depuis sa source.<\/a><\/p>\n","protected":false},"excerpt":{"rendered":"<p>\u00abTaciturne et peu bavard\u00bb, disent les uns, \u00abDiscret \u00e0 outrance\u00bb, r\u00e9torquent les autres. \u00abPas assez fonceur\u00bb, estiment les malins ou encore \u00abFin m\u00e9thodique\u00bb, reconnaissent les sages\u2026Tels seraient, sans doute, les r\u00e9flexions des observateurs de la r\u00e9gion Souss Massa \u00e0 l\u2019adresse du Wali. Conscient de l\u2019acuit\u00e9 de cette transition, il s\u2019ing\u00e9nie \u00e0 proc\u00e9der, faut-il bien le [&hellip;]<\/p>\n","protected":false},"author":1760,"featured_media":0,"comment_status":"closed","ping_status":"closed","sticky":false,"template":"","format":"standard","meta":{"fifu_image_url":"","fifu_image_alt":"","footnotes":""},"categories":[73,54],"tags":[],"class_list":["post-33600","post","type-post","status-publish","format-standard","hentry","category-actualite","category-maroc"],"_links":{"self":[{"href":"https:\/\/linitiative.ca\/International\/wp-json\/wp\/v2\/posts\/33600","targetHints":{"allow":["GET"]}}],"collection":[{"href":"https:\/\/linitiative.ca\/International\/wp-json\/wp\/v2\/posts"}],"about":[{"href":"https:\/\/linitiative.ca\/International\/wp-json\/wp\/v2\/types\/post"}],"author":[{"embeddable":true,"href":"https:\/\/linitiative.ca\/International\/wp-json\/wp\/v2\/users\/1760"}],"replies":[{"embeddable":true,"href":"https:\/\/linitiative.ca\/International\/wp-json\/wp\/v2\/comments?post=33600"}],"version-history":[{"count":0,"href":"https:\/\/linitiative.ca\/International\/wp-json\/wp\/v2\/posts\/33600\/revisions"}],"wp:attachment":[{"href":"https:\/\/linitiative.ca\/International\/wp-json\/wp\/v2\/media?parent=33600"}],"wp:term":[{"taxonomy":"category","embeddable":true,"href":"https:\/\/linitiative.ca\/International\/wp-json\/wp\/v2\/categories?post=33600"},{"taxonomy":"post_tag","embeddable":true,"href":"https:\/\/linitiative.ca\/International\/wp-json\/wp\/v2\/tags?post=33600"}],"curies":[{"name":"wp","href":"https:\/\/api.w.org\/{rel}","templated":true}]}}