{"id":33602,"date":"2019-05-10T09:38:16","date_gmt":"2019-05-10T13:38:16","guid":{"rendered":"https:\/\/linitiative.ca\/International\/communique-du-bp-du-pps\/"},"modified":"2019-05-10T09:38:16","modified_gmt":"2019-05-10T13:38:16","slug":"communique-du-bp-du-pps","status":"publish","type":"post","link":"https:\/\/linitiative.ca\/International\/communique-du-bp-du-pps\/","title":{"rendered":"Communiqu\u00e9 du BP du PPS"},"content":{"rendered":"<p class=\"c3\"><span class=\"c2\"><strong>Le PPS salue favorablement les recommandations des Assises nationales de la fiscalit\u00e9<\/strong><\/span><\/p>\n<p class=\"c3\"><span class=\"c5\"><strong><span class=\"c2\">L<\/span><span class=\"c4\">e Bureau politique du Parti du Progr\u00e8s et du socialisme a proc\u00e9d\u00e9, au d\u00e9but des travaux de sa r\u00e9union p\u00e9riodique, tenue mardi 7 mai 2019, \u00e0 l\u2019examen du dossier de la r\u00e9forme fiscale, et ce \u00e0 la lumi\u00e8re des travaux et des recommandations des Assises nationales de la fiscalit\u00e9, organis\u00e9es au d\u00e9but du mois de mai en cours.<\/span><\/strong><\/span><\/p>\n<p class=\"c3\"><span class=\"c5\">Le Bureau politique a enregistr\u00e9 positivement la m\u00e9thode adopt\u00e9e dans les pr\u00e9paratifs de ces Assises. Il a \u00e9galement accueilli favorablement de mani\u00e8re globale les recommandations et les r\u00e9sultats qui en sont issues ainsi que l\u2019engagement par une feuille de route claire pour mettre en pratique leurs conclusions, \u00e0 travers notamment l\u2019adoption d\u2019une loi cadre et de textes juridiques et r\u00e9glementaires d\u2019accompagnement dans un d\u00e9lai de cinq ans. Ce qui est \u00e0 m\u00eame de doter notre pays d\u2019un syst\u00e8me fiscal moderne, fond\u00e9 sur la justice sociale et spatiale et encadr\u00e9 par une bonne gouvernance.<\/span><\/p>\n<p class=\"c3\"><span class=\"c5\">Le Bureau politique accueille aussi avec satisfaction le fait que les recommandations des Assises r\u00e9pondent \u00e0 l\u2019approche g\u00e9n\u00e9rale et \u00e0 de nombreuses propositions contenues dans la contribution s\u00e9rieuse, pr\u00e9sent\u00e9e par le Parti du Progr\u00e8s et du Socialisme \u00e0 ce propos. Partant de l\u00e0, le Bureau politique tient \u00e0 r\u00e9affirmer la d\u00e9termination du parti de continuer de plaider pour un syst\u00e8me fiscal juste et \u00e9quitable pour les couches et les espaces les plus l\u00e9s\u00e9s par l\u2019injustice qui r\u00e9sulte de l\u2019actuel syst\u00e8me fiscal.\u00a0 Il r\u00e9it\u00e8re aussi la d\u00e9termination du parti de prendre les initiatives qui doivent l\u2019\u00eatre, \u00e0 travers ses instances et ses diff\u00e9rentes organisations pour permettre aux plus larges couches des citoyennes et citoyens et l\u2019ensemble des acteurs de s\u2019approprier les principaux enjeux en rapport avec cet important chantier de r\u00e9forme, qui constitue l\u2019une des principales entr\u00e9es pour la construction d\u2019un nouveau mod\u00e8le de d\u00e9veloppement ayant pour fondements la d\u00e9mocratie, l\u2019\u00e9quit\u00e9 sociale et spatiale et la distribution \u00e9quitable de la richesse sur la base de la solidarit\u00e9 et de l\u2019\u00e9galit\u00e9.<\/span><\/p>\n<p class=\"c3\"><span class=\"c5\">Par la suite, le Bureau politique a proc\u00e9d\u00e9 \u00e0 une \u00e9valuation globale des travaux et des r\u00e9solutions de la quatri\u00e8me session du Comit\u00e9 central du parti, tenue samedi dernier ainsi que des analyses et des positions par rapport \u00e0 la conjoncture, outre les moyens que le Comit\u00e9 central a propos\u00e9s pour satisfaire les attentes l\u00e9gitimes des masses de notre peuple pour immuniser les acquis et ouvrir de nouvelles perspectives qui permettent de poursuivre le processus des r\u00e9formes \u00e9conomiques, sociales et culturelles et de consolider l\u2019\u00e9difice d\u00e9mocratique sur la base d\u2019une vie politique saine ayant pour fondements le s\u00e9rieux, la responsabilit\u00e9 et l\u2019ind\u00e9pendance et ayant comme bases la concurrence loyale et \u00e9gale entre les diff\u00e9rents acteurs politiques.<\/span><\/p>\n<p class=\"c3\"><span class=\"c5\">Ce qui est \u00e0 m\u00eame de r\u00e9tablir la confiance, l\u2019espoir et la mobilisation et de permettre de d\u00e9passer la situation d\u2019inqui\u00e9tude, d\u2019angoisse, de flou et d\u2019h\u00e9sitation. Dans ce cadre, le Bureau politique a d\u00e9cid\u00e9 de consacrer sa prochaine r\u00e9union \u00e0 l\u2019\u00e9tude de la mani\u00e8re de mettre en pratique l\u2019initiative adopt\u00e9e par le Comit\u00e9 central, consistant \u00e0 appeler \u00e0 un dialogue national au sujet de la situation nationale actuelle, des perspectives de la promouvoir et des imp\u00e9ratifs de d\u00e9passer la situation d\u2019arr\u00eat que subissent les r\u00e9formes vitales attendues dans les diff\u00e9rents domaines.<\/span><\/p>\n<p class=\"c3\"><span class=\"c5\">Dans ce cadre, le Bureau politique du parti exhorte l\u2019ensemble des membres du Comit\u00e9 central et des directions provinciales et locales du parti d\u2019\u0153uvrer pour inclure dans les programmes des activit\u00e9s du mois de Ramadan des rencontres publiques et internes pour d\u00e9battre et discuter des conclusions du Comit\u00e9 central et de ses r\u00e9solutions politiques et organisationnelles pour les faire connaitre et susciter la mobilisation autour d\u2019elles ainsi que pour permettre aux militantes et militants de se les approprier et de les bien assimiler, dans le but d\u2019en partager la teneur et le sens avec les plus larges couches sociales et l\u2019ensemble des acteurs sociaux s\u00e9rieux aux niveaux national, r\u00e9gional et local.<\/span><\/p>\n<p class=\"c3\"><span class=\"c5\">Sur un autre plan et compte tenu de l\u2019importance particuli\u00e8re que le Parti du progr\u00e8s et du socialisme accorde \u00e0 la question \u00e9cologique dans sa dimension universelle et nationale, en sa qualit\u00e9 de facteur d\u00e9terminant essentiel de la vision du d\u00e9veloppement durable de notre parti, le Bureau politique appelle les pouvoirs publics concern\u00e9s, les acteurs politiques, \u00e9conomiques et civiles \u00e0 r\u00e9agir au rapport mondial paru r\u00e9cemment sur les dangers qui menacent le biodiversit\u00e9 dans le monde et ce \u00e0 travers des politiques publiques audacieuses qui permettent de s\u2019impliquer de mani\u00e8re plus forte et plus efficiente dans la bataille de pr\u00e9servation de l\u2019environnement, de sauvegarde de la biodiversit\u00e9 et de protection des ressources naturelles\u00a0 pour pr\u00e9server les droits des g\u00e9n\u00e9rations futures.<\/span><\/p>\n<p class=\"c6\"><span class=\"c5\"><strong>(B.P du PPS)<\/strong><\/span><\/p>\n<p>Auteur: rahal mehamed<br \/>\n<a href=\"http:\/\/albayane.press.ma\/communique-du-bp-du-pps-55.html\">Cliquez ici pour lire l&rsquo;article depuis sa source.<\/a><\/p>\n","protected":false},"excerpt":{"rendered":"<p>Le PPS salue favorablement les recommandations des Assises nationales de la fiscalit\u00e9 Le Bureau politique du Parti du Progr\u00e8s et du socialisme a proc\u00e9d\u00e9, au d\u00e9but des travaux de sa r\u00e9union p\u00e9riodique, tenue mardi 7 mai 2019, \u00e0 l\u2019examen du dossier de la r\u00e9forme fiscale, et ce \u00e0 la lumi\u00e8re des travaux et des recommandations [&hellip;]<\/p>\n","protected":false},"author":1760,"featured_media":0,"comment_status":"closed","ping_status":"closed","sticky":false,"template":"","format":"standard","meta":{"fifu_image_url":"","fifu_image_alt":"","footnotes":""},"categories":[73,54],"tags":[],"class_list":["post-33602","post","type-post","status-publish","format-standard","hentry","category-actualite","category-maroc"],"_links":{"self":[{"href":"https:\/\/linitiative.ca\/International\/wp-json\/wp\/v2\/posts\/33602","targetHints":{"allow":["GET"]}}],"collection":[{"href":"https:\/\/linitiative.ca\/International\/wp-json\/wp\/v2\/posts"}],"about":[{"href":"https:\/\/linitiative.ca\/International\/wp-json\/wp\/v2\/types\/post"}],"author":[{"embeddable":true,"href":"https:\/\/linitiative.ca\/International\/wp-json\/wp\/v2\/users\/1760"}],"replies":[{"embeddable":true,"href":"https:\/\/linitiative.ca\/International\/wp-json\/wp\/v2\/comments?post=33602"}],"version-history":[{"count":0,"href":"https:\/\/linitiative.ca\/International\/wp-json\/wp\/v2\/posts\/33602\/revisions"}],"wp:attachment":[{"href":"https:\/\/linitiative.ca\/International\/wp-json\/wp\/v2\/media?parent=33602"}],"wp:term":[{"taxonomy":"category","embeddable":true,"href":"https:\/\/linitiative.ca\/International\/wp-json\/wp\/v2\/categories?post=33602"},{"taxonomy":"post_tag","embeddable":true,"href":"https:\/\/linitiative.ca\/International\/wp-json\/wp\/v2\/tags?post=33602"}],"curies":[{"name":"wp","href":"https:\/\/api.w.org\/{rel}","templated":true}]}}