{"id":33605,"date":"2019-05-11T06:22:00","date_gmt":"2019-05-11T10:22:00","guid":{"rendered":"https:\/\/linitiative.ca\/International\/marche-de-lemploi-la-formation-professionnelle-un-creneau-porteur\/"},"modified":"2019-05-11T06:22:00","modified_gmt":"2019-05-11T10:22:00","slug":"marche-de-lemploi-la-formation-professionnelle-un-creneau-porteur","status":"publish","type":"post","link":"https:\/\/linitiative.ca\/International\/marche-de-lemploi-la-formation-professionnelle-un-creneau-porteur\/","title":{"rendered":"March\u00e9 de l\u2019emploi : La formation professionnelle, un cr\u00e9neau porteur"},"content":{"rendered":"<p>Le taux d\u2019insertion des dipl\u00f4m\u00e9s de la formation professionnelle dans le march\u00e9 de l\u2019emploi s\u2019\u00e9l\u00e8ve \u00e0 67%, selon une \u00e9tude r\u00e9alis\u00e9e r\u00e9cemment par le minist\u00e8re de la Formation professionnelle et de l\u2019emploi, a annonc\u00e9, jeudi, Saida Lounissi, ministre de la formation professionnelle et de l\u2019emploi.<\/p>\n<div>Ce taux s\u2019\u00e9l\u00e8ve \u00e0 90 % dans certaines sp\u00e9cialit\u00e9s de la formation professionnelle \u00e0 savoir la m\u00e9canique auto et la pisciculture, a-t-elle pr\u00e9cis\u00e9 en marge de la troisi\u00e8me session du Comit\u00e9 de pilotage (COPIL) de la strat\u00e9gie nationale pour l\u2019emploi (SNE). Par contre, le taux d\u2019insertion des dipl\u00f4m\u00e9s du sup\u00e9rieur est de 20%, a-t-elle fait savoir, affirmant que des campagnes de sensibilisation seront organis\u00e9es pour inciter les jeunes \u00e0 s\u2019inscrire dans les diff\u00e9rentes fili\u00e8res de la formation professionnelle. Le minist\u00e8re de la formation professionnelle et de l\u2019emploi est d\u00e9termin\u00e9 \u00e0 promouvoir la gestion des centres de formation dans toutes les r\u00e9gions, outre la cons\u00e9cration d\u2019un budget important pour l\u2019am\u00e9nagement des centres de la formation professionnelle, a-t-elle signal\u00e9.<\/div>\n<p class=\"dpsp-share-text\">Partager c&rsquo;est aimer!<\/p>\n<div class=\"wp-post-author-wrap wp-post-author-shortcode left\">\n<h3 class=\"awpa-title\"\/>\n<div class=\"wp-post-author\">\n<div class=\"awpa-img awpa-author-block square\"><a href=\"http:\/\/lexpertjournal.net\/fr\/author\/expert\/\"><img loading=\"lazy\" decoding=\"async\" alt=\"\" src=\"http:\/\/2.gravatar.com\/avatar\/56d99be2a6f97af88ccb49fada637fcd?s=150&#038;d=mm&#038;r=g\" srcset=\"http:\/\/2.gravatar.com\/avatar\/56d99be2a6f97af88ccb49fada637fcd?s=300&#038;d=mm&#038;r=g 2x\" class=\"avatar avatar-150 photo\" height=\"150\" width=\"150\"\/><\/a><\/div>\n<\/div>\n<\/div>\n<p>Auteur: L&rsquo;expert<br \/>\n<a href=\"http:\/\/lexpertjournal.net\/fr\/2019\/05\/11\/marche-de-lemploi-la-formation-professionnelle-un-creneau-porteur\/\">Cliquez ici pour lire l&rsquo;article depuis sa source.<\/a><\/p>\n","protected":false},"excerpt":{"rendered":"<p>Le taux d\u2019insertion des dipl\u00f4m\u00e9s de la formation professionnelle dans le march\u00e9 de l\u2019emploi s\u2019\u00e9l\u00e8ve \u00e0 67%, selon une \u00e9tude r\u00e9alis\u00e9e r\u00e9cemment par le minist\u00e8re de la Formation professionnelle et de l\u2019emploi, a annonc\u00e9, jeudi, Saida Lounissi, ministre de la formation professionnelle et de l\u2019emploi. Ce taux s\u2019\u00e9l\u00e8ve \u00e0 90 % dans certaines sp\u00e9cialit\u00e9s de [&hellip;]<\/p>\n","protected":false},"author":1775,"featured_media":0,"comment_status":"closed","ping_status":"closed","sticky":false,"template":"","format":"standard","meta":{"fifu_image_url":"","fifu_image_alt":"","footnotes":""},"categories":[78,55],"tags":[],"class_list":["post-33605","post","type-post","status-publish","format-standard","hentry","category-economie","category-tunisie"],"_links":{"self":[{"href":"https:\/\/linitiative.ca\/International\/wp-json\/wp\/v2\/posts\/33605","targetHints":{"allow":["GET"]}}],"collection":[{"href":"https:\/\/linitiative.ca\/International\/wp-json\/wp\/v2\/posts"}],"about":[{"href":"https:\/\/linitiative.ca\/International\/wp-json\/wp\/v2\/types\/post"}],"author":[{"embeddable":true,"href":"https:\/\/linitiative.ca\/International\/wp-json\/wp\/v2\/users\/1775"}],"replies":[{"embeddable":true,"href":"https:\/\/linitiative.ca\/International\/wp-json\/wp\/v2\/comments?post=33605"}],"version-history":[{"count":0,"href":"https:\/\/linitiative.ca\/International\/wp-json\/wp\/v2\/posts\/33605\/revisions"}],"wp:attachment":[{"href":"https:\/\/linitiative.ca\/International\/wp-json\/wp\/v2\/media?parent=33605"}],"wp:term":[{"taxonomy":"category","embeddable":true,"href":"https:\/\/linitiative.ca\/International\/wp-json\/wp\/v2\/categories?post=33605"},{"taxonomy":"post_tag","embeddable":true,"href":"https:\/\/linitiative.ca\/International\/wp-json\/wp\/v2\/tags?post=33605"}],"curies":[{"name":"wp","href":"https:\/\/api.w.org\/{rel}","templated":true}]}}