{"id":33619,"date":"2019-05-10T14:47:01","date_gmt":"2019-05-10T18:47:01","guid":{"rendered":"https:\/\/linitiative.ca\/International\/quelque-6-900-menages-beneficiaires-de-loperation-ramadan-1440\/"},"modified":"2019-05-10T14:47:01","modified_gmt":"2019-05-10T18:47:01","slug":"quelque-6-900-menages-beneficiaires-de-loperation-ramadan-1440","status":"publish","type":"post","link":"https:\/\/linitiative.ca\/International\/quelque-6-900-menages-beneficiaires-de-loperation-ramadan-1440\/","title":{"rendered":"Quelque 6.900 m\u00e9nages b\u00e9n\u00e9ficiaires de l\u2019op\u00e9ration \u00ab\u00a0Ramadan 1440\u00a0\u00bb"},"content":{"rendered":"<div readability=\"36\">\n<p>Essaouira \u2013 Le nombre de b\u00e9n\u00e9ficiaires de l\u2019op\u00e9ration nationale de soutien alimentaire \u00ab\u00a0Ramadan 1440\u00a0\u00bb, organis\u00e9e par la Fondation Mohammed V pour la Solidarit\u00e9, s\u2019\u00e9l\u00e8ve \u00e0 6.900 m\u00e9nages au niveau de la province d\u2019Essaouira.<\/p>\n<\/div>\n<div readability=\"94\">\n<p>Cette op\u00e9ration, dont le coup d\u2019envoi a \u00e9t\u00e9 donn\u00e9, vendredi, par le gouverneur de la province, M. Adil El Maliki, respectivement \u00e0 Essaouira et \u00e0 Ounagha, en pr\u00e9sence notamment des membres des comit\u00e9s provinciaux et locaux et d\u2019autres personnalit\u00e9s, b\u00e9n\u00e9ficiera \u00e0 582 familles au niveau de la ville d\u2019Essaouira et \u00e0 6.318 m\u00e9nages en milieu rural.<\/p>\n<p>A noter qu\u2019un comit\u00e9 provincial a \u00e9t\u00e9 mis en place afin d\u2019identifier les b\u00e9n\u00e9ficiaires de l\u2019op\u00e9ration de soutien alimentaire \u00ab\u00a0Ramadan 1440\u00a0\u00bb au niveau de la province d\u2019Essaouira.<\/p>\n<p>Cette initiative humaine et solidaire est destin\u00e9e aux couches sociales les plus vuln\u00e9rables au niveau de la province, notamment les veuves, les personnes \u00e2g\u00e9es, les personnes en situation de handicap et les familles en situation difficile.<\/p>\n<p>Les paniers distribu\u00e9s, cette ann\u00e9e, comprennent chacun 10 kg de farine, 4 kg de sucre, 5 litres d\u2019huile, 250 grammes de th\u00e9, 1 kg de lentilles, 1 kg de tomate concentr\u00e9e et 1 kg de p\u00e2tes.<\/p>\n<p>Mobilisant une enveloppe budg\u00e9taire de 70,242 MDH, l\u2019op\u00e9ration \u00ab\u00a0Ramadan 1440\u00a0\u00bb, qui est \u00e0 sa 20\u00e8me \u00e9dition, b\u00e9n\u00e9ficiera cette ann\u00e9e \u00e0 plus de 2,5 millions de personnes, \u00e9tablies dans 83 provinces et pr\u00e9fectures du Royaume et regroup\u00e9es au sein de 500.300 m\u00e9nages, dont 402.238 vivent en milieu rural.<\/p>\n<p>Cette action de g\u00e9n\u00e9rosit\u00e9, hautement significative en ce mois b\u00e9ni, traduit la Sollicitude Royale constante envers les personnes d\u00e9munies et vient consacrer les valeurs d\u2019humanit\u00e9, de solidarit\u00e9, d\u2019entraide et de partage, caract\u00e9ristiques de la soci\u00e9t\u00e9 marocaine.<\/p>\n<p>Elle s\u2019inscrit en droite ligne du programme humanitaire men\u00e9 par la Fondation Mohammed V pour la Solidarit\u00e9 et ayant pour objectif d\u2019apporter soutien aux personnes qui ont le plus besoin, tout en valorisant la culture de solidarit\u00e9.<\/p>\n<p>L\u2019op\u00e9ration \u00ab\u00a0Ramadan 1440\u00a0\u00bb vient ainsi s\u2019ajouter aux diff\u00e9rentes actions et initiatives humanitaires entreprises par Sa Majest\u00e9 le Roi Mohammed VI dans le but de promouvoir la culture de solidarit\u00e9 et d\u2019assurer un d\u00e9veloppement humain durable, en conformit\u00e9 avec les valeurs et pr\u00e9ceptes de l\u2019Islam.<\/p>\n<\/div>\n<p>Auteur: Meriem IGASS<br \/>\n<a href=\"http:\/\/www.mapmarrakech.ma\/fr\/quelque-6-900-menages-beneficiaires-de-loperation-ramadan-1440\/\">Cliquez ici pour lire l&rsquo;article depuis sa source.<\/a><\/p>\n","protected":false},"excerpt":{"rendered":"<p>Essaouira \u2013 Le nombre de b\u00e9n\u00e9ficiaires de l\u2019op\u00e9ration nationale de soutien alimentaire \u00ab\u00a0Ramadan 1440\u00a0\u00bb, organis\u00e9e par la Fondation Mohammed V pour la Solidarit\u00e9, s\u2019\u00e9l\u00e8ve \u00e0 6.900 m\u00e9nages au niveau de la province d\u2019Essaouira. Cette op\u00e9ration, dont le coup d\u2019envoi a \u00e9t\u00e9 donn\u00e9, vendredi, par le gouverneur de la province, M. Adil El Maliki, respectivement \u00e0 [&hellip;]<\/p>\n","protected":false},"author":1788,"featured_media":0,"comment_status":"closed","ping_status":"closed","sticky":false,"template":"","format":"standard","meta":{"fifu_image_url":"","fifu_image_alt":"","footnotes":""},"categories":[54,76],"tags":[],"class_list":["post-33619","post","type-post","status-publish","format-standard","hentry","category-maroc","category-regions"],"_links":{"self":[{"href":"https:\/\/linitiative.ca\/International\/wp-json\/wp\/v2\/posts\/33619","targetHints":{"allow":["GET"]}}],"collection":[{"href":"https:\/\/linitiative.ca\/International\/wp-json\/wp\/v2\/posts"}],"about":[{"href":"https:\/\/linitiative.ca\/International\/wp-json\/wp\/v2\/types\/post"}],"author":[{"embeddable":true,"href":"https:\/\/linitiative.ca\/International\/wp-json\/wp\/v2\/users\/1788"}],"replies":[{"embeddable":true,"href":"https:\/\/linitiative.ca\/International\/wp-json\/wp\/v2\/comments?post=33619"}],"version-history":[{"count":0,"href":"https:\/\/linitiative.ca\/International\/wp-json\/wp\/v2\/posts\/33619\/revisions"}],"wp:attachment":[{"href":"https:\/\/linitiative.ca\/International\/wp-json\/wp\/v2\/media?parent=33619"}],"wp:term":[{"taxonomy":"category","embeddable":true,"href":"https:\/\/linitiative.ca\/International\/wp-json\/wp\/v2\/categories?post=33619"},{"taxonomy":"post_tag","embeddable":true,"href":"https:\/\/linitiative.ca\/International\/wp-json\/wp\/v2\/tags?post=33619"}],"curies":[{"name":"wp","href":"https:\/\/api.w.org\/{rel}","templated":true}]}}