{"id":33620,"date":"2019-05-10T20:28:32","date_gmt":"2019-05-11T00:28:32","guid":{"rendered":"https:\/\/linitiative.ca\/International\/representation-du-theatre-forum-sur-le-developpement-de-la-culture-de-la-securite-sociale\/"},"modified":"2019-05-10T20:28:32","modified_gmt":"2019-05-11T00:28:32","slug":"representation-du-theatre-forum-sur-le-developpement-de-la-culture-de-la-securite-sociale","status":"publish","type":"post","link":"https:\/\/linitiative.ca\/International\/representation-du-theatre-forum-sur-le-developpement-de-la-culture-de-la-securite-sociale\/","title":{"rendered":"Repr\u00e9sentation du \u00ab\u00a0Th\u00e9\u00e2tre Forum\u00a0\u00bb sur le d\u00e9veloppement de la culture de la s\u00e9curit\u00e9 sociale"},"content":{"rendered":"<div readability=\"34\">\n<p>Marrakech \u2013 Le Th\u00e9\u00e2tre Royal de Marrakech a abrit\u00e9 jeudi, une repr\u00e9sentation du \u00ab\u00a0Th\u00e9\u00e2tre Forum\u00a0\u00bb sur le d\u00e9veloppement de la culture de la s\u00e9curit\u00e9 sociale.<\/p>\n<\/div>\n<div readability=\"67\">\n<p>Cette pi\u00e8ce de th\u00e9\u00e2tre, en tourn\u00e9e \u00e0 travers plusieurs villes du Maroc, \u00e0 l\u2019initiative de la Caisse marocaine des retraites (CMR), en partenariat avec la Fondation Mohammed VI de Promotion des \u0153uvres sociales de l\u2019\u00e9ducation et de formation, vise \u00e0 cr\u00e9er une dynamique de communication et une interaction directe avec la CMR, ses affili\u00e9s, ses retrait\u00e9s et ses ayants droit.<\/p>\n<p>Le Th\u00e9\u00e2tre Forum constitue une exp\u00e9rience innovante \u00e0 travers laquelle, la CMR met en valeur le r\u00f4le influent de l\u2019art th\u00e9\u00e2tral et sa contribution au d\u00e9veloppement de la culture de la S\u00e9curit\u00e9 Sociale.<\/p>\n<p>A travers les techniques que permet ce genre de th\u00e9\u00e2tre, plusieurs probl\u00e9matiques sont abord\u00e9es en interaction directe avec le public afin de renforcer la confiance des citoyens dans cet \u00e9tablissement.<\/p>\n<p>Cette pi\u00e8ce de th\u00e9\u00e2tre est jou\u00e9e par la troupe Th\u00e9\u00e2trale Issil, avec la participation des acteurs de renomm\u00e9e tels que Fadila Benmoussa, Mohamed Al Athir, Said Ait Bajja et Ouassila Sabhi.<\/p>\n<p>Les repr\u00e9sentations de cette pi\u00e8ce de th\u00e9\u00e2tre, d\u00e9j\u00e0 repr\u00e9sent\u00e9e dans les villes de K\u00e9nitra, Errachidia et Marrakech, se poursuivront \u00e0 F\u00e8s (14 mai), T\u00e9touan (21 juin), Ait Melloul (19 septembre), La\u00e2youne (21 septembre) et Oujda (04 octobre).<\/p>\n<\/div>\n<p>Auteur: Meriem IGASS<br \/>\n<a href=\"http:\/\/www.mapmarrakech.ma\/fr\/representation-du-theatre-forum-sur-le-developpement-de-la-culture-de-la-securite-sociale\/\">Cliquez ici pour lire l&rsquo;article depuis sa source.<\/a><\/p>\n","protected":false},"excerpt":{"rendered":"<p>Marrakech \u2013 Le Th\u00e9\u00e2tre Royal de Marrakech a abrit\u00e9 jeudi, une repr\u00e9sentation du \u00ab\u00a0Th\u00e9\u00e2tre Forum\u00a0\u00bb sur le d\u00e9veloppement de la culture de la s\u00e9curit\u00e9 sociale. Cette pi\u00e8ce de th\u00e9\u00e2tre, en tourn\u00e9e \u00e0 travers plusieurs villes du Maroc, \u00e0 l\u2019initiative de la Caisse marocaine des retraites (CMR), en partenariat avec la Fondation Mohammed VI de Promotion [&hellip;]<\/p>\n","protected":false},"author":1788,"featured_media":0,"comment_status":"closed","ping_status":"closed","sticky":false,"template":"","format":"standard","meta":{"fifu_image_url":"","fifu_image_alt":"","footnotes":""},"categories":[54,76],"tags":[],"class_list":["post-33620","post","type-post","status-publish","format-standard","hentry","category-maroc","category-regions"],"_links":{"self":[{"href":"https:\/\/linitiative.ca\/International\/wp-json\/wp\/v2\/posts\/33620","targetHints":{"allow":["GET"]}}],"collection":[{"href":"https:\/\/linitiative.ca\/International\/wp-json\/wp\/v2\/posts"}],"about":[{"href":"https:\/\/linitiative.ca\/International\/wp-json\/wp\/v2\/types\/post"}],"author":[{"embeddable":true,"href":"https:\/\/linitiative.ca\/International\/wp-json\/wp\/v2\/users\/1788"}],"replies":[{"embeddable":true,"href":"https:\/\/linitiative.ca\/International\/wp-json\/wp\/v2\/comments?post=33620"}],"version-history":[{"count":0,"href":"https:\/\/linitiative.ca\/International\/wp-json\/wp\/v2\/posts\/33620\/revisions"}],"wp:attachment":[{"href":"https:\/\/linitiative.ca\/International\/wp-json\/wp\/v2\/media?parent=33620"}],"wp:term":[{"taxonomy":"category","embeddable":true,"href":"https:\/\/linitiative.ca\/International\/wp-json\/wp\/v2\/categories?post=33620"},{"taxonomy":"post_tag","embeddable":true,"href":"https:\/\/linitiative.ca\/International\/wp-json\/wp\/v2\/tags?post=33620"}],"curies":[{"name":"wp","href":"https:\/\/api.w.org\/{rel}","templated":true}]}}