{"id":33621,"date":"2019-05-11T08:11:29","date_gmt":"2019-05-11T12:11:29","guid":{"rendered":"https:\/\/linitiative.ca\/International\/pluies-orageuses-sur-illizi-et-tamanrasset-a-partir-de-samedi\/"},"modified":"2019-05-11T08:11:29","modified_gmt":"2019-05-11T12:11:29","slug":"pluies-orageuses-sur-illizi-et-tamanrasset-a-partir-de-samedi","status":"publish","type":"post","link":"https:\/\/linitiative.ca\/International\/pluies-orageuses-sur-illizi-et-tamanrasset-a-partir-de-samedi\/","title":{"rendered":"Pluies orageuses sur Illizi et Tamanrasset \u00e0 partir de samedi"},"content":{"rendered":"<div>\n<div class=\"K2FeedImage\"><img decoding=\"async\" src=\"http:\/\/www.aps.dz\/media\/k2\/items\/cache\/2f8633708207662d1addde1901762084_S.jpg\" alt=\"Pluies orageuses sur Illizi et Tamanrasset \u00e0 partir de samedi\"><\/div>\n<div class=\"K2FeedIntroText\">\n<p><strong>ALGER &#8211; Une activit\u00e9 pluvio-orageuse assez soutenue affectera les wilayas d&rsquo;Illizi et de Tamanrasset \u00e0 partir de samedi apr\u00e8s-midi, indique l&rsquo;Office national de la m\u00e9t\u00e9orologie dans un Bulletin m\u00e9t\u00e9orologique sp\u00e9cial (BMS).<\/strong><\/p>\n<\/div>\n<div class=\"K2FeedFullText\">\n<hr>\n<h3>Lire aussi:\u00a0<a href=\"http:\/\/www.aps.dz\/regions\/89011-des-pluies-orageuses-sur-plusieurs-wilayas-du-nord-jusqu-a-samedi\" target=\"_blank\" rel=\"noopener noreferrer\">Des pluies orageuses sur plusieurs wilayas du Nord jusqu\u2019\u00e0 samedi<\/a><\/h3>\n<hr>\n<p>Les pluies affecteront ces deux wilayas \u00e0 partir de 15h00 de ce samedi et ce, jusqu&rsquo;\u00e0 dimanche \u00e0 15h00, o\u00f9 les cumuls atteindront ou d\u00e9passeront localement 25 mm durant la validit\u00e9, pr\u00e9cise la m\u00eame source, ajoutant que des rafales de vent sous orages sont \u00e9galement pr\u00e9vues.<\/p>\n<\/div>\n<\/div>\n<p>Auteur:<br \/>\n<a href=\"http:\/\/www.aps.dz\/regions\/89278-pluies-orageuses-sur-illizi-et-tamanrasset-a-partir-de-samedi\">Cliquez ici pour lire l&rsquo;article depuis sa source.<\/a><\/p>\n","protected":false},"excerpt":{"rendered":"<p>ALGER &#8211; Une activit\u00e9 pluvio-orageuse assez soutenue affectera les wilayas d&rsquo;Illizi et de Tamanrasset \u00e0 partir de samedi apr\u00e8s-midi, indique l&rsquo;Office national de la m\u00e9t\u00e9orologie dans un Bulletin m\u00e9t\u00e9orologique sp\u00e9cial (BMS). Lire aussi:\u00a0Des pluies orageuses sur plusieurs wilayas du Nord jusqu\u2019\u00e0 samedi Les pluies affecteront ces deux wilayas \u00e0 partir de 15h00 de ce samedi [&hellip;]<\/p>\n","protected":false},"author":1790,"featured_media":33622,"comment_status":"closed","ping_status":"closed","sticky":false,"template":"","format":"standard","meta":{"fifu_image_url":"","fifu_image_alt":"","footnotes":""},"categories":[53,76],"tags":[],"class_list":["post-33621","post","type-post","status-publish","format-standard","has-post-thumbnail","hentry","category-algerie","category-regions"],"_links":{"self":[{"href":"https:\/\/linitiative.ca\/International\/wp-json\/wp\/v2\/posts\/33621","targetHints":{"allow":["GET"]}}],"collection":[{"href":"https:\/\/linitiative.ca\/International\/wp-json\/wp\/v2\/posts"}],"about":[{"href":"https:\/\/linitiative.ca\/International\/wp-json\/wp\/v2\/types\/post"}],"author":[{"embeddable":true,"href":"https:\/\/linitiative.ca\/International\/wp-json\/wp\/v2\/users\/1790"}],"replies":[{"embeddable":true,"href":"https:\/\/linitiative.ca\/International\/wp-json\/wp\/v2\/comments?post=33621"}],"version-history":[{"count":0,"href":"https:\/\/linitiative.ca\/International\/wp-json\/wp\/v2\/posts\/33621\/revisions"}],"wp:featuredmedia":[{"embeddable":true,"href":"https:\/\/linitiative.ca\/International\/wp-json\/"}],"wp:attachment":[{"href":"https:\/\/linitiative.ca\/International\/wp-json\/wp\/v2\/media?parent=33621"}],"wp:term":[{"taxonomy":"category","embeddable":true,"href":"https:\/\/linitiative.ca\/International\/wp-json\/wp\/v2\/categories?post=33621"},{"taxonomy":"post_tag","embeddable":true,"href":"https:\/\/linitiative.ca\/International\/wp-json\/wp\/v2\/tags?post=33621"}],"curies":[{"name":"wp","href":"https:\/\/api.w.org\/{rel}","templated":true}]}}