{"id":33645,"date":"2019-05-11T15:14:23","date_gmt":"2019-05-11T19:14:23","guid":{"rendered":"https:\/\/linitiative.ca\/International\/international-barca-valverde-nous-sommes-touches-on-ne-peut-pas-se-mentir\/"},"modified":"2019-05-11T15:14:23","modified_gmt":"2019-05-11T19:14:23","slug":"international-barca-valverde-nous-sommes-touches-on-ne-peut-pas-se-mentir","status":"publish","type":"post","link":"https:\/\/linitiative.ca\/International\/international-barca-valverde-nous-sommes-touches-on-ne-peut-pas-se-mentir\/","title":{"rendered":"International : Bar\u00e7a &#8211; Valverde : \u00ab\u00a0Nous sommes touch\u00e9s. on ne peut pas se mentir\u00a0\u00bb"},"content":{"rendered":"<div readability=\"32\">\n<p>Auteur : <span class=\"time\">samedi 11 mai 2019 19:41<\/span><\/p>\n<\/div>\n<div id=\"post_core\" readability=\"63\">\n<p>Forc\u00e9ment interrog\u00e9 sur l&rsquo;\u00e9limination contre Liverpool en Ligue des Champions, le technicien espagnol est revenu sur le sujet :<\/p>\n<p>\u00ab\u00a0je n\u2019ai pas revu le match, mais je l\u2019ai encore en t\u00eate, tr\u00e8s clair dans ma t\u00eate. Je crois que nous avons \u00e9t\u00e9 suffisamment bons pour marquer en premi\u00e8re p\u00e9riode. On a eu des opportunit\u00e9s mais en deuxi\u00e8me p\u00e9riode, les deux buts en deux minutes nous ont abattus. Quand on te met quatre buts, les analyses, c\u2019est secondaire. On devait marquer en premi\u00e8re p\u00e9riode.\u00a0\u00bb<\/p>\n<p>Si son Bar\u00e7a a pris l\u2019eau, c\u2019est donc notamment gr\u00e2ce \u00e0 un manque de pr\u00e9cision devant le but en premi\u00e8re p\u00e9riode. Mais l\u2019essentiel est d\u00e9sormais ailleurs, et Ernesto Valverde n\u2019a pas cach\u00e9 que le groupe avait d\u00fb mal \u00e0 dig\u00e9rer la pilule :<\/p>\n<p>\u00ab\u00a0Nous sommes touch\u00e9s, je ne vais pas le nier. On ne peut pas se mentir. On peut perdre une demie face \u00e0 Liverpool, mais ce qui fait mal c\u2019est la forme. L\u2019ann\u00e9e derni\u00e8re, l\u2019AS Roma nous a \u00e9limin\u00e9s et nous n\u2019\u00e9tions pas encore champions de Liga. Au final, nous avons gagn\u00e9 la Liga et la Copa. Maintenant nous sommes champions, mais nous n\u2019avons pas d\u2019autre choix que de surmonter les obstacles qui vont se dresser devant nous\u00a0\u00bb, a encha\u00een\u00e9 Valverde tel que le rapporte Footmercato.<\/p>\n<p><strong>Publi\u00e9 dans :<\/strong> <span>fc barcelone<\/span><\/p>\n<\/div>\n<p>Auteur:<br \/>\n<a href=\"http:\/\/www.lebuteur.com\/article\/detail?titre=barca-valverde-nous-sommes-touches-on-ne-peut-pas-se-mentir&#038;id=88712&#038;utm_source=feedburner&#038;utm_medium=feed&#038;utm_campaign=Feed%3A+GalerieFArtciles+%28Les+derniers+articles++-+lebuteur.com%29\">Cliquez ici pour lire l&rsquo;article depuis sa source.<\/a><\/p>\n","protected":false},"excerpt":{"rendered":"<p>Auteur : samedi 11 mai 2019 19:41 Forc\u00e9ment interrog\u00e9 sur l&rsquo;\u00e9limination contre Liverpool en Ligue des Champions, le technicien espagnol est revenu sur le sujet : \u00ab\u00a0je n\u2019ai pas revu le match, mais je l\u2019ai encore en t\u00eate, tr\u00e8s clair dans ma t\u00eate. Je crois que nous avons \u00e9t\u00e9 suffisamment bons pour marquer en premi\u00e8re [&hellip;]<\/p>\n","protected":false},"author":1738,"featured_media":33646,"comment_status":"closed","ping_status":"closed","sticky":false,"template":"","format":"standard","meta":{"fifu_image_url":"","fifu_image_alt":"","footnotes":""},"categories":[53,75],"tags":[],"class_list":["post-33645","post","type-post","status-publish","format-standard","has-post-thumbnail","hentry","category-algerie","category-sport"],"_links":{"self":[{"href":"https:\/\/linitiative.ca\/International\/wp-json\/wp\/v2\/posts\/33645","targetHints":{"allow":["GET"]}}],"collection":[{"href":"https:\/\/linitiative.ca\/International\/wp-json\/wp\/v2\/posts"}],"about":[{"href":"https:\/\/linitiative.ca\/International\/wp-json\/wp\/v2\/types\/post"}],"author":[{"embeddable":true,"href":"https:\/\/linitiative.ca\/International\/wp-json\/wp\/v2\/users\/1738"}],"replies":[{"embeddable":true,"href":"https:\/\/linitiative.ca\/International\/wp-json\/wp\/v2\/comments?post=33645"}],"version-history":[{"count":0,"href":"https:\/\/linitiative.ca\/International\/wp-json\/wp\/v2\/posts\/33645\/revisions"}],"wp:featuredmedia":[{"embeddable":true,"href":"https:\/\/linitiative.ca\/International\/wp-json\/"}],"wp:attachment":[{"href":"https:\/\/linitiative.ca\/International\/wp-json\/wp\/v2\/media?parent=33645"}],"wp:term":[{"taxonomy":"category","embeddable":true,"href":"https:\/\/linitiative.ca\/International\/wp-json\/wp\/v2\/categories?post=33645"},{"taxonomy":"post_tag","embeddable":true,"href":"https:\/\/linitiative.ca\/International\/wp-json\/wp\/v2\/tags?post=33645"}],"curies":[{"name":"wp","href":"https:\/\/api.w.org\/{rel}","templated":true}]}}