{"id":33647,"date":"2019-05-11T15:19:01","date_gmt":"2019-05-11T19:19:01","guid":{"rendered":"https:\/\/linitiative.ca\/International\/agents-de%e2%80%88controle-le-ministere-du-commerce-appelle-au-dialogue\/"},"modified":"2019-05-11T15:19:01","modified_gmt":"2019-05-11T19:19:01","slug":"agents-de%e2%80%88controle-le-ministere-du-commerce-appelle-au-dialogue","status":"publish","type":"post","link":"https:\/\/linitiative.ca\/International\/agents-de%e2%80%88controle-le-ministere-du-commerce-appelle-au-dialogue\/","title":{"rendered":"Agents de\u2008contr\u00f4le :  Le minist\u00e8re du Commerce appelle au dialogue"},"content":{"rendered":"<p>S\u2019engageant \u00e0 satisfaire la majorit\u00e9 des revendications convenues au pr\u00e9alable, le minist\u00e8re du Commerce a appel\u00e9, jeudi dernier, les agents de contr\u00f4le qui observent une gr\u00e8ve depuis mercredi dernier, \u00e0 rejoindre leurs postes de travail. Et pour cause, le tribunal administratif d\u2019Alger a d\u00e9clar\u00e9 ce d\u00e9brayage ill\u00e9gal. \u00abLes portes du dialogue resteront ouvertes \u00e0 tous les partenaires sociaux\u00bb, assure un communiqu\u00e9 de presse du d\u00e9partement de Djellab. S\u2019agissant de la nature des revendications r\u00e9clam\u00e9es par le SNTC, son secr\u00e9taire g\u00e9n\u00e9ral, Ahmed Allali, a affirm\u00e9 que ces derni\u00e8res \u00abne datent pas d\u2019aujourd\u2019hui\u00bb et affirme qu\u2019elles sont principalement ax\u00e9es sur le programme \u00e9labor\u00e9 par les deux groupes de travail conjoints, compos\u00e9s de cadres de l\u2019Administration centrale et de repr\u00e9sentants des partenaires sociaux (\u00abSNAPAP\u00bb fili\u00e8re commerce et Syndicat national des travailleurs du commerce \u00abSNTC\u00bb).\u00a0<\/p>\n<p>Dans une d\u00e9claration \u00e0 l\u2019APS, le charg\u00e9 de Communication au minist\u00e8re du Commerce, Samir Meftah, a indiqu\u00e9 dans ce sillage que le partenaire social qui a d\u00e9cid\u00e9 d\u2019observer la gr\u00e8ve \u00abn\u2019a pas voulu poursuivre le dialogue\u00bb et all\u00e9 jusqu\u2019\u00e0 r\u00e9clamer de nouvelles revendications qui sont \u00abirr\u00e9alisables \u00bb. Ainsi, les principales revendications d\u00e9battues depuis la formation des deux groupes mixtes, en d\u00e9cembre 2018, ont \u00e9t\u00e9, selon lui, \u00abd\u00e9finitivement tranch\u00e9es\u00bb. Il s\u2019agit \u00e0 ce sujet d\u2019assurer une protection \u00e0 travers un accompagnement par des \u00e9l\u00e9ments de la S\u00fbret\u00e9 nationale et de la Gendarmerie nationale ainsi que les revendications relatives au Fonds de revenus compl\u00e9mentaire (FRC), en suspens depuis pr\u00e8s de vingt ann\u00e9es, outre la formation. Il profitera de cette opportunit\u00e9 pour appeler les agents de contr\u00f4le du secteur de commerce \u00e0 mettre un terme \u00e0 cette gr\u00e8ve qui s\u2019inscrit dans le\u00a0 cadre des \u00abmanipulations et des chantages\u00bb qui nuisent aux consommateurs et\u00a0 \u00e0 reprendre le dialogue qui restera ouvert \u00abaujourd\u2019hui et demain\u00bb.<\/p>\n<p>L\u2019action est en cours pour prendre en charge les autres revendications relatives au syst\u00e8me d\u2019indemnisation et au statut des travailleurs du secteur qui exigent du \u00abtemps\u00bb pour leur r\u00e9alisation sur le terrain. Du fait qu\u2019elles impliquent des mesures concert\u00e9es entre les minist\u00e8res de la Justice et des Finances.\u00a0\u00a0<\/p>\n<p>Pour rappel, les agents de contr\u00f4le du secteur du commerce ont entam\u00e9, mercredi dernier, une gr\u00e8ve pour r\u00e9clamer \u00abl\u2019am\u00e9lioration des conditions de travail\u00bb, notamment en ce qui concerne le syst\u00e8me indemnitaire et la\u00a0 \u00a0protection lors de l\u2019exercice de leurs fonctions.\u00a0<\/p>\n<p>La gr\u00e8ve organis\u00e9e par le SNTC se poursuivra les 8 et 9 mai et reprendra les 13, 14 et 15 mai en cours si les revendications ne sont pas, selon eux, prises en charge. Parmi les revendications qui ressortent, les fonctionnaires utilisent r\u00e9guli\u00e8rement leurs propres v\u00e9hicules ou encore les transports en commun pour se rendre aux locaux et aux march\u00e9s o\u00f9 ils se font parfois \u00abinsulter\u00bb par certains commer\u00e7ants \u00abmalhonn\u00eates\u00bb.\u00a0<\/p>\n<p>Le SNTC a d\u00e9cid\u00e9 de suspendre cette gr\u00e8ve, jug\u00e9e ill\u00e9gale par le tribunal administratif d\u2019Alger, dans le cadre du \u00abrespect de la d\u00e9cision de justice\u00bb et de \u00abla pr\u00e9servation de l\u2019int\u00e9r\u00eat g\u00e9n\u00e9ral des travailleurs\u00bb, et compte faire valoir le droit d\u2019appel de cette d\u00e9cision.<\/p>\n<p><strong>Sami Ka\u00efdi\u00a0<\/strong><\/p>\n<p>Auteur: elmoudjahid<br \/>\n<a href=\"http:\/\/www.elmoudjahid.com\/fr\/actualites\/136786\">Cliquez ici pour lire l&rsquo;article depuis sa source.<\/a><\/p>\n","protected":false},"excerpt":{"rendered":"<p>S\u2019engageant \u00e0 satisfaire la majorit\u00e9 des revendications convenues au pr\u00e9alable, le minist\u00e8re du Commerce a appel\u00e9, jeudi dernier, les agents de contr\u00f4le qui observent une gr\u00e8ve depuis mercredi dernier, \u00e0 rejoindre leurs postes de travail. Et pour cause, le tribunal administratif d\u2019Alger a d\u00e9clar\u00e9 ce d\u00e9brayage ill\u00e9gal. \u00abLes portes du dialogue resteront ouvertes \u00e0 tous [&hellip;]<\/p>\n","protected":false},"author":1744,"featured_media":0,"comment_status":"closed","ping_status":"closed","sticky":false,"template":"","format":"standard","meta":{"fifu_image_url":"","fifu_image_alt":"","footnotes":""},"categories":[73,53],"tags":[],"class_list":["post-33647","post","type-post","status-publish","format-standard","hentry","category-actualite","category-algerie"],"_links":{"self":[{"href":"https:\/\/linitiative.ca\/International\/wp-json\/wp\/v2\/posts\/33647","targetHints":{"allow":["GET"]}}],"collection":[{"href":"https:\/\/linitiative.ca\/International\/wp-json\/wp\/v2\/posts"}],"about":[{"href":"https:\/\/linitiative.ca\/International\/wp-json\/wp\/v2\/types\/post"}],"author":[{"embeddable":true,"href":"https:\/\/linitiative.ca\/International\/wp-json\/wp\/v2\/users\/1744"}],"replies":[{"embeddable":true,"href":"https:\/\/linitiative.ca\/International\/wp-json\/wp\/v2\/comments?post=33647"}],"version-history":[{"count":0,"href":"https:\/\/linitiative.ca\/International\/wp-json\/wp\/v2\/posts\/33647\/revisions"}],"wp:attachment":[{"href":"https:\/\/linitiative.ca\/International\/wp-json\/wp\/v2\/media?parent=33647"}],"wp:term":[{"taxonomy":"category","embeddable":true,"href":"https:\/\/linitiative.ca\/International\/wp-json\/wp\/v2\/categories?post=33647"},{"taxonomy":"post_tag","embeddable":true,"href":"https:\/\/linitiative.ca\/International\/wp-json\/wp\/v2\/tags?post=33647"}],"curies":[{"name":"wp","href":"https:\/\/api.w.org\/{rel}","templated":true}]}}