{"id":33650,"date":"2019-05-11T15:19:09","date_gmt":"2019-05-11T19:19:09","guid":{"rendered":"https:\/\/linitiative.ca\/International\/massacres-du-8-mai-1945-aubervilliers-rend-hommage-aux-victimes\/"},"modified":"2019-05-11T15:19:09","modified_gmt":"2019-05-11T19:19:09","slug":"massacres-du-8-mai-1945-aubervilliers-rend-hommage-aux-victimes","status":"publish","type":"post","link":"https:\/\/linitiative.ca\/International\/massacres-du-8-mai-1945-aubervilliers-rend-hommage-aux-victimes\/","title":{"rendered":"MASSACRES DU 8 MAI 1945 :  Aubervilliers rend hommage aux victimes"},"content":{"rendered":"<p>La municipalit\u00e9 d&rsquo;Aubervilliers (pr\u00e8s de Paris) a comm\u00e9mor\u00e9 jeudi\u00a0 les massacres du 8 mai 1945 commis par l&rsquo;arm\u00e9e coloniale fran\u00e7aise qui ont fait des dizaines de milliers\u00a0 de victimes alg\u00e9riennes \u00e0 S\u00e9tif, \u00e0 Guelma et \u00e0 Kherrata, a-t-on appris vendredi.<\/p>\n<div readability=\"26\">\n<p>Cette comm\u00e9moration, en partenariat avec le consulat d&rsquo;Alg\u00e9rie de Bobigny, a \u00e9t\u00e9 organis\u00e9e au sein de la mairie d&rsquo;Aubervilliers avec d&rsquo;abord une c\u00e9r\u00e9monie de recueillement en hommage aux martyrs victimes de la r\u00e9pression de l&rsquo;arm\u00e9e coloniale, a indiqu\u00e9 \u00e0 l&rsquo;APS le consulat.<\/p>\n<p>A cette occasion, le consul d&rsquo;Alg\u00e9rie en Seine-Saint-Denis, Mahmoud Massali, a tenu \u00e0 remercier la municipalit\u00e9 d&rsquo;Aubervilliers et sa maire, Meriem Derkaoui, pour les efforts consentis en faveur de la pr\u00e9servation du devoir de m\u00e9moire \u00e0 la gloire des martyrs et moudjahidine alg\u00e9riens.<\/p>\n<p>Ainsi, il a salu\u00e9 l&rsquo;initiative d&rsquo;Aubervilliers d&rsquo;avoir appos\u00e9 en 2017 une plaque comm\u00e9morative \u00e0 la m\u00e9moire des victimes des manifestations pacifiques du 8 mai 1945 qui furent r\u00e9prim\u00e9es dans le sang.<\/p>\n<\/div>\n<p>Auteur: elmoudjahid<br \/>\n<a href=\"http:\/\/www.elmoudjahid.com\/fr\/actualites\/136789\">Cliquez ici pour lire l&rsquo;article depuis sa source.<\/a><\/p>\n","protected":false},"excerpt":{"rendered":"<p>La municipalit\u00e9 d&rsquo;Aubervilliers (pr\u00e8s de Paris) a comm\u00e9mor\u00e9 jeudi\u00a0 les massacres du 8 mai 1945 commis par l&rsquo;arm\u00e9e coloniale fran\u00e7aise qui ont fait des dizaines de milliers\u00a0 de victimes alg\u00e9riennes \u00e0 S\u00e9tif, \u00e0 Guelma et \u00e0 Kherrata, a-t-on appris vendredi. Cette comm\u00e9moration, en partenariat avec le consulat d&rsquo;Alg\u00e9rie de Bobigny, a \u00e9t\u00e9 organis\u00e9e au sein [&hellip;]<\/p>\n","protected":false},"author":1744,"featured_media":0,"comment_status":"closed","ping_status":"closed","sticky":false,"template":"","format":"standard","meta":{"fifu_image_url":"","fifu_image_alt":"","footnotes":""},"categories":[73,53],"tags":[],"class_list":["post-33650","post","type-post","status-publish","format-standard","hentry","category-actualite","category-algerie"],"_links":{"self":[{"href":"https:\/\/linitiative.ca\/International\/wp-json\/wp\/v2\/posts\/33650","targetHints":{"allow":["GET"]}}],"collection":[{"href":"https:\/\/linitiative.ca\/International\/wp-json\/wp\/v2\/posts"}],"about":[{"href":"https:\/\/linitiative.ca\/International\/wp-json\/wp\/v2\/types\/post"}],"author":[{"embeddable":true,"href":"https:\/\/linitiative.ca\/International\/wp-json\/wp\/v2\/users\/1744"}],"replies":[{"embeddable":true,"href":"https:\/\/linitiative.ca\/International\/wp-json\/wp\/v2\/comments?post=33650"}],"version-history":[{"count":0,"href":"https:\/\/linitiative.ca\/International\/wp-json\/wp\/v2\/posts\/33650\/revisions"}],"wp:attachment":[{"href":"https:\/\/linitiative.ca\/International\/wp-json\/wp\/v2\/media?parent=33650"}],"wp:term":[{"taxonomy":"category","embeddable":true,"href":"https:\/\/linitiative.ca\/International\/wp-json\/wp\/v2\/categories?post=33650"},{"taxonomy":"post_tag","embeddable":true,"href":"https:\/\/linitiative.ca\/International\/wp-json\/wp\/v2\/tags?post=33650"}],"curies":[{"name":"wp","href":"https:\/\/api.w.org\/{rel}","templated":true}]}}