{"id":33655,"date":"2019-05-11T15:19:19","date_gmt":"2019-05-11T19:19:19","guid":{"rendered":"https:\/\/linitiative.ca\/International\/echos-des-verts-deurope\/"},"modified":"2019-05-11T15:19:19","modified_gmt":"2019-05-11T19:19:19","slug":"echos-des-verts-deurope","status":"publish","type":"post","link":"https:\/\/linitiative.ca\/International\/echos-des-verts-deurope\/","title":{"rendered":"&#8230;\u00c9CHOS DES VERTS D\u2019EUROPE"},"content":{"rendered":"<p><strong>\u00a0Ayoub Abdellaoui ne jouera pas la CAN<\/strong><\/p>\n<p>\u00a0 Cela bouge en ce moment pour nombre de nos joueurs internationaux. A l\u2019approche de la fin de la saison, les pourparlers vont bon train quant aux perspectives des uns et des autres. Ici, les cas de Ayoub Abdellaoui, Youcef Atal, Yacine Brahimi et Islam Slimani sont \u00e9voqu\u00e9s.\u00a0<\/p>\n<p>Le d\u00e9fenseur des Verts Ayoub Abdellaoui qui \u00e9volue dans le championnat suisse au FC Sion subira une intervention chirurgicale dans les tous prochains jours, pour soigner une anomalie \u00e9lectrique cardiaque, afin d\u2019\u00e9viter qu\u2019elle ne lui cause \u00abune arythmie\u00bb, a annonc\u00e9 hier le club suisse, qui n\u2019a par ailleurs pas pr\u00e9cis\u00e9 la date exacte, ni indiqu\u00e9 le lieu de son d\u00e9roulement. Au fait, il n\u2019y a pas lieu de s\u2019inqui\u00e9ter sur la sant\u00e9 et sur l\u2019avenir footballistique de l\u2019ex-joueur usmiste du moment qu\u2019il s\u2019agit d&rsquo;une intervention pr\u00e9ventive sans grand danger pour lui. Elle est fortement recommand\u00e9e pour Abdellaoui, afin d\u2019\u00e9carter tout probl\u00e8me ou risque d&rsquo;arythmie, a tenu \u00e0 indiquer la direction du FC Sion dans un communiqu\u00e9, diffus\u00e9 sur son site officiel. Par ailleurs, la dur\u00e9e d&rsquo;indisponibilit\u00e9 d&rsquo;Abdellaoui n&rsquo;a pas \u00e9t\u00e9 pr\u00e9cis\u00e9e. Ainsi, on peut d\u2019ores et d\u00e9j\u00e0 annoncer le forfait du joueur pour la CAN-2019, pr\u00e9vue du 21 juin au 19 juillet en Egypte. Le FC Sion lui a souhait\u00e9 d&rsquo;ores et d\u00e9j\u00e0 un prompt r\u00e9tablissement comme rapport\u00e9 dans le dite communiqu\u00e9. Abdellaoui ne poursuivra pas le reste de la saison avec son \u00e9quipe. Il sera n\u00e9anmoins apte \u00e0 reprendre du service apr\u00e8s sa convalescence, soit la saison prochaine.\u00a0<\/p>\n<p><strong>Atal intransf\u00e9rable pour moins de 50 millions d\u2019euros<\/strong><\/p>\n<p>Auteur d\u2019une saison \u00e9poustouflante avec l\u2019OGC Nice, l&rsquo;international alg\u00e9rien Youcef Atal, qui attise la convoitise de nombreux grands clubs europ\u00e9ens, est intransf\u00e9rable, a fait savoir le nouveau directeur technique du club ni\u00e7ois, Gilles Grimandi.\u00a0<\/p>\n<p>Il a soulign\u00e9 \u00e0 ce propos sur la chaine Canal + : \u00abPour moi, dans le projet de sa carri\u00e8re, il faut qu\u2019il soit encore Ni\u00e7ois. Il est intransf\u00e9rable. Certains avancent une offre de 50 Millions d\u2019euros ? On verra quand elle sera l\u00e0. Pour l\u2019instant, il n\u2019y a pas d\u2019offre de ce montant. Aujourd\u2019hui, il n\u2019y a pas d\u2019offre concr\u00e8te. C\u2019est bien pour lui de refaire une ann\u00e9e sous les couleurs ni\u00e7oises. Il d\u00e9couvre la Ligue 1\u00bb. Plusieurs clubs europ\u00e9ens, dont le Paris Saint-Germain, Chelsea et l&rsquo;Atl\u00e9tico Madrid souhaitent l\u2019int\u00e9grer dans leurs effectifs si l\u2019on se r\u00e9f\u00e8re \u00e0 certaines informations rapport\u00e9es par la presse sportive \u00e9trang\u00e8re. L\u2019OGC Nice tient \u00e0 garder Youcef Atal pour une saison suppl\u00e9mentaire. Elle n\u2019acceptera de n\u00e9gocier avec les clubs int\u00e9ressaient par ses services que moyennant un montant de transfert d\u2019au moins 50 millions d\u2019euros comme exprim\u00e9 par le directeur technique du club.\u00a0<\/p>\n<p><strong>West Ham, Milan, Marseille et B\u00e9tis S\u00e9ville veulent Brahimi<\/strong><\/p>\n<p>Un autre joueur de l\u2019EN ne manque pas de sollicitations en ce moment. Il s\u2019agit de l\u2019attaquant du FC Porto, Yacine Brahimi. Auteur d\u2019une saison tout-\u00e0-fait r\u00e9ussie et apr\u00e8s avoir pass\u00e9 cinq ann\u00e9es \u00e0 Porto, Brahimi a de fortes chances de quitter le championnat portugais pour une nouvelle destination int\u00e9ressante. Ainsi, de nombreux clubs le pistent, dont le Milan AC, Marseille, West Ham et le B\u00e9tis S\u00e9ville o\u00f9 \u00e9volue son co\u00e9quipier de la s\u00e9lection A\u00efssa Mandi. Comme son contrat expire \u00e0 la fin du mois de juin et que le joueur exprime le v\u0153u de changer d\u2019air, il aura la latitude de n\u00e9gocier et de choisir la destination qui lui sierra le mieux, en tout point de vue. C\u2019est la piste du B\u00e9tis S\u00e9ville qui fait de son recrutement une priorit\u00e9 qui parait la plus plausible pour Yacine Brahimi.\u00a0<\/p>\n<p><strong>Come-back de Slimani au Sporting Lisbonne<\/strong><\/p>\n<p>Ayant v\u00e9cu l\u2019une de ses pires saisons en tant que joueur professionnel \u00e9voluant en Europe sous les couleurs du club turque Fenerbah\u00e7e, Islam Slimani qui appartient toujours au club anglais Leicester City est, selon des informations concordantes, sur le point de retourner \u00e0 son ancien club, le Sporting Lisbonne.\u00a0<\/p>\n<p>Les pourparlers entre les deux clubs sont en bonnes voie. Ayant effectu\u00e9 l\u2019une de ses plus belles saisons dans sa carri\u00e8re sous les couleurs du club lisbo\u00e8te, le buteur des Verts, qui a malheureusement pour lui perdu sa place en s\u00e9lection, en raison de sa saison terne, s\u2019est montr\u00e9 tr\u00e8s ravi \u00e0 l\u2019id\u00e9e de rejouer sous les couleurs du Sporting. Son transfert au Sporting o\u00f9 il esp\u00e8re retrouver son meilleur niveau est donc imminent.\u00a0<\/p>\n<p><strong>Mohamed-Amine Azzouz<\/strong><\/p>\n<p>Auteur: elmoudjahid<br \/>\n<a href=\"http:\/\/www.elmoudjahid.com\/fr\/actualites\/136794\">Cliquez ici pour lire l&rsquo;article depuis sa source.<\/a><\/p>\n","protected":false},"excerpt":{"rendered":"<p>\u00a0Ayoub Abdellaoui ne jouera pas la CAN \u00a0 Cela bouge en ce moment pour nombre de nos joueurs internationaux. A l\u2019approche de la fin de la saison, les pourparlers vont bon train quant aux perspectives des uns et des autres. Ici, les cas de Ayoub Abdellaoui, Youcef Atal, Yacine Brahimi et Islam Slimani sont \u00e9voqu\u00e9s.\u00a0 [&hellip;]<\/p>\n","protected":false},"author":1744,"featured_media":0,"comment_status":"closed","ping_status":"closed","sticky":false,"template":"","format":"standard","meta":{"fifu_image_url":"","fifu_image_alt":"","footnotes":""},"categories":[73,53],"tags":[],"class_list":["post-33655","post","type-post","status-publish","format-standard","hentry","category-actualite","category-algerie"],"_links":{"self":[{"href":"https:\/\/linitiative.ca\/International\/wp-json\/wp\/v2\/posts\/33655","targetHints":{"allow":["GET"]}}],"collection":[{"href":"https:\/\/linitiative.ca\/International\/wp-json\/wp\/v2\/posts"}],"about":[{"href":"https:\/\/linitiative.ca\/International\/wp-json\/wp\/v2\/types\/post"}],"author":[{"embeddable":true,"href":"https:\/\/linitiative.ca\/International\/wp-json\/wp\/v2\/users\/1744"}],"replies":[{"embeddable":true,"href":"https:\/\/linitiative.ca\/International\/wp-json\/wp\/v2\/comments?post=33655"}],"version-history":[{"count":0,"href":"https:\/\/linitiative.ca\/International\/wp-json\/wp\/v2\/posts\/33655\/revisions"}],"wp:attachment":[{"href":"https:\/\/linitiative.ca\/International\/wp-json\/wp\/v2\/media?parent=33655"}],"wp:term":[{"taxonomy":"category","embeddable":true,"href":"https:\/\/linitiative.ca\/International\/wp-json\/wp\/v2\/categories?post=33655"},{"taxonomy":"post_tag","embeddable":true,"href":"https:\/\/linitiative.ca\/International\/wp-json\/wp\/v2\/tags?post=33655"}],"curies":[{"name":"wp","href":"https:\/\/api.w.org\/{rel}","templated":true}]}}