{"id":33656,"date":"2019-05-11T15:19:21","date_gmt":"2019-05-11T19:19:21","guid":{"rendered":"https:\/\/linitiative.ca\/International\/js-kabylie-dumas-devrait-rempiler-pour-une-autre-saison\/"},"modified":"2019-05-11T15:19:21","modified_gmt":"2019-05-11T19:19:21","slug":"js-kabylie-dumas-devrait-rempiler-pour-une-autre-saison","status":"publish","type":"post","link":"https:\/\/linitiative.ca\/International\/js-kabylie-dumas-devrait-rempiler-pour-une-autre-saison\/","title":{"rendered":"JS Kabylie :  Dumas devrait rempiler  pour une autre saison"},"content":{"rendered":"<div class=\"TxArtcile\" readability=\"22\">\n<div class=\"ImgCapt\"><img loading=\"lazy\" decoding=\"async\" width=\"208\" height=\"208\" src=\"http:\/\/www.elmoudjahid.com\/temp\/fr\/actualite2[136795].jpg\" alt=\"\" \/><span>D.R<\/span><\/div>\n<p>\u00a0La JSK devrait prolonger son entra\u00eeneur, Franck Dumas \u00e0 l\u2019issue de cette saison. Alors qu\u2019une pol\u00e9mique entre le technicien et son pr\u00e9sident avait vu le jour r\u00e9cemment, les diff\u00e9rends semblent avoir \u00e9t\u00e9 aplanis depuis et les deux hommes se sont mis d\u2019accord pour renouveler leur collaboration. Il y a quelques semaines, le plus averti des observateurs aurait jur\u00e9 que Franck Dumas quittera son poste \u00e0 la JSK \u00e0 la fin de la saison. Critiqu\u00e9 dans les coulisses au d\u00e9but du printemps en raison des mauvais r\u00e9sultats et des choix, des rumeurs faisant \u00e9tat de diff\u00e9rends avec la direction qui n\u2019\u00e9tait pas du tout satisfaite de sa gestion. Il s\u2019en \u00e9tait suivi \u00e0 l\u2019\u00e9poque des d\u00e9clarations plus ou moins \u00e9piques qui confirmaient le d\u00e9saccord, notamment de la bouche du pr\u00e9sident Cherif Mellal qui d\u00e9clarait qu\u2019il allait s\u2019impliquer davantage dans la vie de l\u2019\u00e9quipe et qu\u2019il prendrait les choses en main. Des d\u00e9clarations \u00e0 l\u2019oppos\u00e9e de celles o\u00f9 il affirmait que Dumas a carte blanche et qu\u2019il avait toute la confiance de la direction. Le manque d\u2019engagement et d\u2019envie affich\u00e9e par l\u2019\u00e9quipe \u00e0 des moments cl\u00e9s de la phase retour \u00e9taient derri\u00e8re la mont\u00e9e au cr\u00e9neau du pr\u00e9sident de la JSK qui reprochait \u00e0 son entra\u00eeneur dans les coulisses de ne pas vouloir aller jouer le titre alors qu\u2019il lui tendait les bras. Il s\u2019en \u00e9tait d\u2019ailleurs suivi une r\u00e9union en interne avec le staff et les joueurs au cours de laquelle la direction a d\u00e9cid\u00e9 de revoir les objectifs \u00e0 court terme \u00e0 la hausse faisant d\u00e9sormais du titre l\u2019enjeu majeur. Un objectif auquel tout le monde adh\u00e8re. Entre temps, Dumas a eu un entretien franc avec son pr\u00e9sident pour s\u2019expliquer sur les d\u00e9clarations de ce dernier o\u00f9 il disait que \u00ab si Dumas veut partir, la porte est ouverte ! \u00bb. Selon une source sure, Franck Dumas a dit ouvertement \u00e0 Mellal qu\u2019il souhaiterait prolonger l\u2019aventure la saison prochaine. Une perspective qui ne d\u00e9plait pas au pr\u00e9sident kabyle qui pr\u00f4ne lui aussi la stabilit\u00e9. N\u00e9anmoins, il va falloir attendre la fin de la saison pour concr\u00e9tiser l\u2019accord sur le papier. D\u2019ici l\u00e0, nul n\u2019ignore que beaucoup de choses peuvent se passer. L\u2019issue du championnat peut \u00eatre d\u00e9terminante, m\u00eame si dans l\u2019absolu, la JSK aura r\u00e9alis\u00e9 une belle saison m\u00eame si elle ne termine pas en t\u00eate. Amar B.<\/p>\n<\/div>\n<div class=\"ModliArtilUne\">\n<ul>\n<li><strong>Publi\u00e9 dans :<\/strong><\/li>\n<\/ul>\n<\/div>\n<div class=\"MbComIns\" id=\"newcom\" readability=\"5.69402985075\">\n<h6>DONNEZ VOTRE AVIS<\/h6>\n<p>Il n&rsquo;y a actuellement aucune r\u00e9action \u00e0 cette information. Soyez le premier \u00e0 r\u00e9agir !<\/p>\n<p><a href=\"\" rel=\"#popup\" class=\"login resetbutton\">Identifiez-vous<\/a><a class=\"button\" href=\"http:\/\/www.elmoudjahid.com\/fr\/inscription\/\"><span>S&rsquo;inscrire<\/span><\/a><\/p>\n<\/div>\n<p>Auteur: elmoudjahid<br \/>\n<a href=\"http:\/\/www.elmoudjahid.com\/fr\/actualites\/136795\">Cliquez ici pour lire l&rsquo;article depuis sa source.<\/a><\/p>\n","protected":false},"excerpt":{"rendered":"<p>D.R \u00a0La JSK devrait prolonger son entra\u00eeneur, Franck Dumas \u00e0 l\u2019issue de cette saison. Alors qu\u2019une pol\u00e9mique entre le technicien et son pr\u00e9sident avait vu le jour r\u00e9cemment, les diff\u00e9rends semblent avoir \u00e9t\u00e9 aplanis depuis et les deux hommes se sont mis d\u2019accord pour renouveler leur collaboration. Il y a quelques semaines, le plus averti [&hellip;]<\/p>\n","protected":false},"author":1744,"featured_media":33657,"comment_status":"closed","ping_status":"closed","sticky":false,"template":"","format":"standard","meta":{"fifu_image_url":"","fifu_image_alt":"","footnotes":""},"categories":[73,53],"tags":[],"class_list":["post-33656","post","type-post","status-publish","format-standard","has-post-thumbnail","hentry","category-actualite","category-algerie"],"_links":{"self":[{"href":"https:\/\/linitiative.ca\/International\/wp-json\/wp\/v2\/posts\/33656","targetHints":{"allow":["GET"]}}],"collection":[{"href":"https:\/\/linitiative.ca\/International\/wp-json\/wp\/v2\/posts"}],"about":[{"href":"https:\/\/linitiative.ca\/International\/wp-json\/wp\/v2\/types\/post"}],"author":[{"embeddable":true,"href":"https:\/\/linitiative.ca\/International\/wp-json\/wp\/v2\/users\/1744"}],"replies":[{"embeddable":true,"href":"https:\/\/linitiative.ca\/International\/wp-json\/wp\/v2\/comments?post=33656"}],"version-history":[{"count":0,"href":"https:\/\/linitiative.ca\/International\/wp-json\/wp\/v2\/posts\/33656\/revisions"}],"wp:featuredmedia":[{"embeddable":true,"href":"https:\/\/linitiative.ca\/International\/wp-json\/"}],"wp:attachment":[{"href":"https:\/\/linitiative.ca\/International\/wp-json\/wp\/v2\/media?parent=33656"}],"wp:term":[{"taxonomy":"category","embeddable":true,"href":"https:\/\/linitiative.ca\/International\/wp-json\/wp\/v2\/categories?post=33656"},{"taxonomy":"post_tag","embeddable":true,"href":"https:\/\/linitiative.ca\/International\/wp-json\/wp\/v2\/tags?post=33656"}],"curies":[{"name":"wp","href":"https:\/\/api.w.org\/{rel}","templated":true}]}}