{"id":33660,"date":"2019-05-11T13:28:00","date_gmt":"2019-05-11T17:28:00","guid":{"rendered":"https:\/\/linitiative.ca\/International\/boycott-de-lelection-presidentielle-la-mise-en-garde-de-leditorial-del-moudjahid\/"},"modified":"2019-05-11T13:28:00","modified_gmt":"2019-05-11T17:28:00","slug":"boycott-de-lelection-presidentielle-la-mise-en-garde-de-leditorial-del-moudjahid","status":"publish","type":"post","link":"https:\/\/linitiative.ca\/International\/boycott-de-lelection-presidentielle-la-mise-en-garde-de-leditorial-del-moudjahid\/","title":{"rendered":"BOYCOTT DE L\u2019ELECTION PRESIDENTIELLE  : La mise en  garde de l\u2019Editorial  d\u2019El-Moudjahid"},"content":{"rendered":"<p><br id=\"sep_para_1\" class=\"sep_para access\"\/><\/p>\n<div id=\"para_1\" class=\"para_30913081 resize\">\n<div class=\"texte access firstletter\">Le contenu de l\u2019Editorial publi\u00e9 par le quotidien gouvernemental El Moudjahid ne fait pas myst\u00e8re de l\u2019intention de Bensalah et de Bedoui de passer \u00e0 l\u2019acte contre ceux qui appellent au boycott de l\u2019\u00e9lection du 4 juillet prochain. En effet, la campagne qui est entam\u00e9e actuellement pour la lutte contre la corruption ceux qui\u00a0 sont impliqu\u00e9s dans la dilapidation des deniers publics, va s\u2019\u00e9tendre apparemment vers \u00ab ceux et celles qui entravent l\u2019aboutissement du processus l\u00e9gal, passant n\u00e9cessairement par la tenue d\u2019une pr\u00e9sidentielle\u00bb\u00a0 a laiss\u00e9 entendre hier\u00a0 samedi l\u2019\u00e9ditorial du quotidien public EL Moudjahid. Selon l\u2019Edito d\u2019El Moudjahid, le gouvernement s\u2019appr\u00eate \u00e0\u00a0 \u00ab mettre hors d\u2019\u00e9tat de nuire tous ceux et toutes celles qui entravent l\u2019aboutissement du processus l\u00e9gal, passant n\u00e9cessairement par la tenue d\u2019une pr\u00e9sidentielle \u00bb. \u00c9trangement, l\u2019\u00e9ditorialiste met c\u00f4te \u00e0 c\u00f4te ceux qui appellent au report de l\u2019\u00e9lection avec les personnes poursuivies pour dilapidation des deniers publics, un paquet ficel\u00e9 au nom de la moralisation de la vie politique.\u00a0 Enfin, le journal revient sur les propositions de sortie de crise propos\u00e9es par Abdelkader Bensalah lors de son discours du 6 mai dernier en r\u00e9affirmant l\u2019invitation faite \u00e0 l\u2019ensemble des acteurs de s\u2019asseoir \u00e0 la table des n\u00e9gociations pour un dialogue serein.<\/div>\n<\/div>\n<p>Auteur: Ismain<br \/>\n<a href=\"https:\/\/www.reflexiondz.net\/BOYCOTT-DE-L-ELECTION-PRESIDENTIELLE-La-mise-en-garde-de-l-Editorial-d-El-Moudjahid_a55806.html\">Cliquez ici pour lire l&rsquo;article depuis sa source.<\/a><\/p>\n","protected":false},"excerpt":{"rendered":"<p>Le contenu de l\u2019Editorial publi\u00e9 par le quotidien gouvernemental El Moudjahid ne fait pas myst\u00e8re de l\u2019intention de Bensalah et de Bedoui de passer \u00e0 l\u2019acte contre ceux qui appellent au boycott de l\u2019\u00e9lection du 4 juillet prochain. En effet, la campagne qui est entam\u00e9e actuellement pour la lutte contre la corruption ceux qui\u00a0 sont [&hellip;]<\/p>\n","protected":false},"author":1740,"featured_media":0,"comment_status":"closed","ping_status":"closed","sticky":false,"template":"","format":"standard","meta":{"fifu_image_url":"","fifu_image_alt":"","footnotes":""},"categories":[53,76],"tags":[],"class_list":["post-33660","post","type-post","status-publish","format-standard","hentry","category-algerie","category-regions"],"_links":{"self":[{"href":"https:\/\/linitiative.ca\/International\/wp-json\/wp\/v2\/posts\/33660","targetHints":{"allow":["GET"]}}],"collection":[{"href":"https:\/\/linitiative.ca\/International\/wp-json\/wp\/v2\/posts"}],"about":[{"href":"https:\/\/linitiative.ca\/International\/wp-json\/wp\/v2\/types\/post"}],"author":[{"embeddable":true,"href":"https:\/\/linitiative.ca\/International\/wp-json\/wp\/v2\/users\/1740"}],"replies":[{"embeddable":true,"href":"https:\/\/linitiative.ca\/International\/wp-json\/wp\/v2\/comments?post=33660"}],"version-history":[{"count":0,"href":"https:\/\/linitiative.ca\/International\/wp-json\/wp\/v2\/posts\/33660\/revisions"}],"wp:attachment":[{"href":"https:\/\/linitiative.ca\/International\/wp-json\/wp\/v2\/media?parent=33660"}],"wp:term":[{"taxonomy":"category","embeddable":true,"href":"https:\/\/linitiative.ca\/International\/wp-json\/wp\/v2\/categories?post=33660"},{"taxonomy":"post_tag","embeddable":true,"href":"https:\/\/linitiative.ca\/International\/wp-json\/wp\/v2\/tags?post=33660"}],"curies":[{"name":"wp","href":"https:\/\/api.w.org\/{rel}","templated":true}]}}