{"id":33668,"date":"2019-05-11T14:39:00","date_gmt":"2019-05-11T18:39:00","guid":{"rendered":"https:\/\/linitiative.ca\/International\/fornaka-8-elus-denoncent-une-violation-du-code-communal\/"},"modified":"2019-05-11T14:39:00","modified_gmt":"2019-05-11T18:39:00","slug":"fornaka-8-elus-denoncent-une-violation-du-code-communal","status":"publish","type":"post","link":"https:\/\/linitiative.ca\/International\/fornaka-8-elus-denoncent-une-violation-du-code-communal\/","title":{"rendered":"FORNAKA : 8 \u00e9lus d\u00e9noncent \u2018\u2019une  violation\u2019\u2019 du code communal"},"content":{"rendered":"<p><br id=\"sep_para_1\" class=\"sep_para access\"\/><\/p>\n<div id=\"para_1\" class=\"para_30914360 resize\">\n<div class=\"photo shadow left\"><a href=\"javascript:void(0)\" rel=\"https:\/\/www.reflexiondz.net\/photo\/art\/grande\/33584301-30914360.jpg?v=1557601133&#038;ibox\" title=\"FORNAKA : 8 \u00e9lus d\u00e9noncent \u2018\u2019une violation\u2019\u2019 du code communal\"><img decoding=\"async\" class=\"responsive c9\" src=\"https:\/\/www.reflexiondz.net\/photo\/art\/grande\/33584301-30914360.jpg?v=1557601133\" alt=\"FORNAKA : 8 \u00e9lus d\u00e9noncent \u2018\u2019une violation\u2019\u2019 du code communal\" title=\"FORNAKA : 8 \u00e9lus d\u00e9noncent \u2018\u2019une violation\u2019\u2019 du code communal\"\/><img decoding=\"async\" class=\"not-responsive\" src=\"https:\/\/www.reflexiondz.net\/photo\/art\/default\/33584301-30914360.jpg?v=1557601134\" alt=\"FORNAKA : 8 \u00e9lus d\u00e9noncent \u2018\u2019une violation\u2019\u2019 du code communal\" title=\"FORNAKA : 8 \u00e9lus d\u00e9noncent \u2018\u2019une violation\u2019\u2019 du code communal\"\/><\/a><\/div>\n<div class=\"texte access firstletter\">Dans une lettre\u00a0 adress\u00e9e \u00e0 la Cheffe de\u00a0 Da\u00efra d\u2019Ain Nouissy, et dont une copie a \u00e9t\u00e9 remise au journal \u00ab\u00a0R\u00e9flexion\u00a0\u00bb, un collectif de huit(08) \u00e9lus de l\u2019Assembl\u00e9e Populaire Communale de Fornaka\u00a0 d\u00e9nonce\u00a0 \u00abune violation\u00bb des articles 52 et 55 (paragraphe2) du Code communal n\u00b011-10. Selon le contenu de cette lettre,\u00a0 \u00ab la violation \u00bb\u00a0 d\u00e9nonc\u00e9e est en rapport avec\u00a0\u00a0 une r\u00e9cente s\u00e9ance de d\u00e9lib\u00e9ration relative\u00a0 au\u00a0 \u00abcompte administratif\u00a0 de l\u2019ann\u00e9e 2018\u00bb. Les explications fournies\u00a0 par les\u00a0 huit signataires de la lettre donnent \u00e0 comprendre que ladite d\u00e9lib\u00e9ration n\u2019a pas\u00a0 obtenu la majorit\u00e9 et qu\u2019une fois\u00a0 la s\u00e9ance infructueuse\u00a0 lev\u00e9e, l\u2019on\u00a0 aurait discr\u00e8tement fait appel \u00e0 deux(02) \u00e9lus, absents\u00a0 \u00e0 la s\u00e9ance,\u00a0 pour signer et d\u00e9bloquer\u00a0 la\u00a0 situation. Pour rappel, l\u2019APC de Fornaka compte quinze (15) membres \u00e9lus, et concernant les articles d\u00e9clar\u00e9s \u00abviol\u00e9s\u00bb, le premier, l\u2019article n\u00b0 52, stipule : \u00abl\u2019assembl\u00e9e populaire communale r\u00e8gle par d\u00e9lib\u00e9ration les affaires relevant de ses comp\u00e9tences \u00bb. Le second, l\u2019article n\u00b0 55, stipule dans son paragraphe 2 : \u00abces d\u00e9lib\u00e9rations sont sign\u00e9es s\u00e9ance tenante par tous les membres de l\u2019assembl\u00e9e pr\u00e9sents au moment du vote (\u2026)\u00bb.\u00a0\u00a0\u00a0\u00a0\u00a0<\/div>\n<\/div>\n<p>Auteur: A.Mokhtar<br \/>\n<a href=\"https:\/\/www.reflexiondz.net\/FORNAKA-8-elus-denoncent-une-violation-du-code-communal_a55811.html\">Cliquez ici pour lire l&rsquo;article depuis sa source.<\/a><\/p>\n","protected":false},"excerpt":{"rendered":"<p>Dans une lettre\u00a0 adress\u00e9e \u00e0 la Cheffe de\u00a0 Da\u00efra d\u2019Ain Nouissy, et dont une copie a \u00e9t\u00e9 remise au journal \u00ab\u00a0R\u00e9flexion\u00a0\u00bb, un collectif de huit(08) \u00e9lus de l\u2019Assembl\u00e9e Populaire Communale de Fornaka\u00a0 d\u00e9nonce\u00a0 \u00abune violation\u00bb des articles 52 et 55 (paragraphe2) du Code communal n\u00b011-10. Selon le contenu de cette lettre,\u00a0 \u00ab la violation \u00bb\u00a0 [&hellip;]<\/p>\n","protected":false},"author":1740,"featured_media":0,"comment_status":"closed","ping_status":"closed","sticky":false,"template":"","format":"standard","meta":{"fifu_image_url":"","fifu_image_alt":"","footnotes":""},"categories":[53,76],"tags":[],"class_list":["post-33668","post","type-post","status-publish","format-standard","hentry","category-algerie","category-regions"],"_links":{"self":[{"href":"https:\/\/linitiative.ca\/International\/wp-json\/wp\/v2\/posts\/33668","targetHints":{"allow":["GET"]}}],"collection":[{"href":"https:\/\/linitiative.ca\/International\/wp-json\/wp\/v2\/posts"}],"about":[{"href":"https:\/\/linitiative.ca\/International\/wp-json\/wp\/v2\/types\/post"}],"author":[{"embeddable":true,"href":"https:\/\/linitiative.ca\/International\/wp-json\/wp\/v2\/users\/1740"}],"replies":[{"embeddable":true,"href":"https:\/\/linitiative.ca\/International\/wp-json\/wp\/v2\/comments?post=33668"}],"version-history":[{"count":0,"href":"https:\/\/linitiative.ca\/International\/wp-json\/wp\/v2\/posts\/33668\/revisions"}],"wp:attachment":[{"href":"https:\/\/linitiative.ca\/International\/wp-json\/wp\/v2\/media?parent=33668"}],"wp:term":[{"taxonomy":"category","embeddable":true,"href":"https:\/\/linitiative.ca\/International\/wp-json\/wp\/v2\/categories?post=33668"},{"taxonomy":"post_tag","embeddable":true,"href":"https:\/\/linitiative.ca\/International\/wp-json\/wp\/v2\/tags?post=33668"}],"curies":[{"name":"wp","href":"https:\/\/api.w.org\/{rel}","templated":true}]}}