{"id":33669,"date":"2019-05-11T14:39:00","date_gmt":"2019-05-11T18:39:00","guid":{"rendered":"https:\/\/linitiative.ca\/International\/amara-benyounes-bientot-convoque\/"},"modified":"2019-05-11T14:39:00","modified_gmt":"2019-05-11T18:39:00","slug":"amara-benyounes-bientot-convoque","status":"publish","type":"post","link":"https:\/\/linitiative.ca\/International\/amara-benyounes-bientot-convoque\/","title":{"rendered":"Amara Benyounes bient\u00f4t convoqu\u00e9"},"content":{"rendered":"<p><br id=\"sep_para_1\" class=\"sep_para access\"\/><\/p>\n<div id=\"para_1\" class=\"para_30913994 resize\">\n<div class=\"photo shadow left\"><a href=\"javascript:void(0)\" rel=\"https:\/\/www.reflexiondz.net\/photo\/art\/grande\/33583957-30913994.jpg?v=1557601104&#038;ibox\" title=\"Amara Benyounes bient\u00f4t convoqu\u00e9\"><img decoding=\"async\" class=\"responsive c9\" src=\"https:\/\/www.reflexiondz.net\/photo\/art\/grande\/33583957-30913994.jpg?v=1557601104\" alt=\"Amara Benyounes bient\u00f4t convoqu\u00e9\" title=\"Amara Benyounes bient\u00f4t convoqu\u00e9\"\/><img decoding=\"async\" class=\"not-responsive\" src=\"https:\/\/www.reflexiondz.net\/photo\/art\/default\/33583957-30913994.jpg?v=1557601107\" alt=\"Amara Benyounes bient\u00f4t convoqu\u00e9\" title=\"Amara Benyounes bient\u00f4t convoqu\u00e9\"\/><\/a><\/div>\n<div class=\"texte access firstletter\">Apr\u00e8s la convocation et l\u2019arrestation, jeudi, de la pr\u00e9sidente du Parti des travailleurs (PT), Louisa Hanoune, d\u2019autres chefs de partis politiques pourraient \u00eatre entendus au cours de cette semaine par la m\u00eame juridiction et pour les m\u00eames chefs d\u2019accusation qui p\u00e8sent sur elle et sur les trois illustres pr\u00e9venus qui y \u00e9taient convoqu\u00e9s, \u00e0 savoir \u00abatteinte \u00e0 l\u2019autorit\u00e9 de l\u2019arm\u00e9e\u00bb et \u00abcomplot contre l\u2019autorit\u00e9 de l\u2019Etat\u00bb. Selon le quotidien panarabe Al-Charq Al-Awasat, le pr\u00e9sident du MPA et ex-ministre du Commerce Amara Benyoun\u00e8s est sur la liste des personnalit\u00e9s appel\u00e9es \u00e0 compara\u00eetre prochainement devant le tribunal militaire de Blida. Les m\u00eames sources rappellent que la formation dirig\u00e9e par Benyounes avait d\u00e9j\u00e0 d\u00e9menti avoir pris part \u00e0 la fameuse r\u00e9union qui aurait \u00e9t\u00e9 convoqu\u00e9e, \u00e0 la veille de l\u2019\u00e9lection avort\u00e9e du 18 avril, par le fr\u00e8re et conseiller de l\u2019ex-Pr\u00e9sident, Sa\u00efd Bouteflika, et \u00e0 laquelle auraient particip\u00e9 les deux anciens chefs des renseignements.<\/div>\n<\/div>\n<p>Auteur: R\u00e9flexion<br \/>\n<a href=\"https:\/\/www.reflexiondz.net\/Amara-Benyounes-bientot-convoque_a55810.html\">Cliquez ici pour lire l&rsquo;article depuis sa source.<\/a><\/p>\n","protected":false},"excerpt":{"rendered":"<p>Apr\u00e8s la convocation et l\u2019arrestation, jeudi, de la pr\u00e9sidente du Parti des travailleurs (PT), Louisa Hanoune, d\u2019autres chefs de partis politiques pourraient \u00eatre entendus au cours de cette semaine par la m\u00eame juridiction et pour les m\u00eames chefs d\u2019accusation qui p\u00e8sent sur elle et sur les trois illustres pr\u00e9venus qui y \u00e9taient convoqu\u00e9s, \u00e0 savoir [&hellip;]<\/p>\n","protected":false},"author":1740,"featured_media":0,"comment_status":"closed","ping_status":"closed","sticky":false,"template":"","format":"standard","meta":{"fifu_image_url":"","fifu_image_alt":"","footnotes":""},"categories":[53,76],"tags":[],"class_list":["post-33669","post","type-post","status-publish","format-standard","hentry","category-algerie","category-regions"],"_links":{"self":[{"href":"https:\/\/linitiative.ca\/International\/wp-json\/wp\/v2\/posts\/33669","targetHints":{"allow":["GET"]}}],"collection":[{"href":"https:\/\/linitiative.ca\/International\/wp-json\/wp\/v2\/posts"}],"about":[{"href":"https:\/\/linitiative.ca\/International\/wp-json\/wp\/v2\/types\/post"}],"author":[{"embeddable":true,"href":"https:\/\/linitiative.ca\/International\/wp-json\/wp\/v2\/users\/1740"}],"replies":[{"embeddable":true,"href":"https:\/\/linitiative.ca\/International\/wp-json\/wp\/v2\/comments?post=33669"}],"version-history":[{"count":0,"href":"https:\/\/linitiative.ca\/International\/wp-json\/wp\/v2\/posts\/33669\/revisions"}],"wp:attachment":[{"href":"https:\/\/linitiative.ca\/International\/wp-json\/wp\/v2\/media?parent=33669"}],"wp:term":[{"taxonomy":"category","embeddable":true,"href":"https:\/\/linitiative.ca\/International\/wp-json\/wp\/v2\/categories?post=33669"},{"taxonomy":"post_tag","embeddable":true,"href":"https:\/\/linitiative.ca\/International\/wp-json\/wp\/v2\/tags?post=33669"}],"curies":[{"name":"wp","href":"https:\/\/api.w.org\/{rel}","templated":true}]}}