{"id":33681,"date":"2019-05-11T05:08:43","date_gmt":"2019-05-11T09:08:43","guid":{"rendered":"https:\/\/linitiative.ca\/International\/la-mobilisation-se-poursuit-malgre-la-chaleur-tizi-ouzou-non-a-lalternance-entre-clans\/"},"modified":"2019-05-11T05:08:43","modified_gmt":"2019-05-11T09:08:43","slug":"la-mobilisation-se-poursuit-malgre-la-chaleur-tizi-ouzou-non-a-lalternance-entre-clans","status":"publish","type":"post","link":"https:\/\/linitiative.ca\/International\/la-mobilisation-se-poursuit-malgre-la-chaleur-tizi-ouzou-non-a-lalternance-entre-clans\/","title":{"rendered":"La mobilisation se poursuit malgr\u00e9 la chaleur : Tizi Ouzou : \u00abNon \u00e0 l\u2019alternance entre clans\u00bb"},"content":{"rendered":"<h4 class=\"title-14\"\/>\n<div class=\"featured_image\"><img width=\"800\" height=\"557\" data-cfsrc=\"https:\/\/www.elwatan.com\/wp-content\/uploads\/2019\/05\/tizi-col-e1557545978170.jpg\" class=\"attachment-post-thumbnail size-post-thumbnail wp-post-image c1\" alt=\"\"\/><noscript><\/p>\n<p><img loading=\"lazy\" decoding=\"async\" width=\"800\" height=\"557\" src=\"https:\/\/www.elwatan.com\/wp-content\/uploads\/2019\/05\/tizi-col-e1557545978170.jpg\" class=\"attachment-post-thumbnail size-post-thumbnail wp-post-image\" alt=\"\"\/><\/p>\n<p><\/noscript> <span class=\"featured-image-caption\">Mobilisation hier \u00e0 Tizi Ouzou ( photo : El watan )<\/span><\/div>\n<p>La mobilisation \u00e9tait au rendez-vous, hier, \u00e0 Tizi Ouzou malgr\u00e9 la chaleur et l\u2019\u00e9prouvante journ\u00e9e de je\u00fbne. Les citoyens ont ainsi battu le pav\u00e9 dans le chef-lieu de wilaya lors d\u2019une imposante action de terrain afin de r\u00e9it\u00e9rer leur exigence : le d\u00e9part du syst\u00e8me, et ce, dans le sillage du mouvement populaire enclench\u00e9 le 22 f\u00e9vrier dernier.<\/p>\n<p>M\u00eame si la marche d\u2019hier n\u2019a pas drain\u00e9 autant de monde que les pr\u00e9c\u00e9dents vendredis, il n\u2019en demeure pas moins que les marcheurs ont exprim\u00e9 la m\u00eame d\u00e9termination et le m\u00eame engagement \u00e0 poursuivre la mobilisation.<\/p>\n<p>Ainsi, sous un soleil de plomb, les manifestants ont mis en place leur premier carr\u00e9, \u00e0 13h30, devant le campus universitaire de Hasnaoua, lieu habituel pour l\u2019entame des marches depuis le d\u00e9but du mouvement populaire. Ils s\u2019\u00e9branlent, en petits carr\u00e9s, mettant en avant l\u2019embl\u00e8me national et le drapeau amazigh, avant que d\u2019autres marcheurs n\u2019arrivent pour constituer une grande procession, notamment sur la rue Lamali qui longe le CHU Nedir Mohamed.<\/p>\n<p>Les banderoles d\u00e9ploy\u00e9es portent, toutes, sur les mots d\u2019ordre de la protestation populaire pour le d\u00e9part du syst\u00e8me, comme \u00abPour la primaut\u00e9 du politique sur le militaire\u00bb \u00abY\u2019en a marre de ce pouvoir\u00bb, \u00abNous avons soif de libert\u00e9s et faim de la d\u00e9mocratie\u00bb, \u00abNon \u00e0 la dictature militaire\u00bb.<\/p>\n<p>\u00abNon \u00e0 l\u2019alternance entre clans\u00bb, est-il mentionn\u00e9 sur plusieurs pancartes brandies par les marcheurs qui scandaient, haut et fort, \u00abPouvoir assassin\u00bb, \u00ab Klitou leblad ya Seraquine\u00bb (Vous avez dilapid\u00e9 les richesses du pays, voleurs), \u00abSyst\u00e8me d\u00e9gage\u00bb sont autant de slogans qui revenaient sur les l\u00e8vres des marcheurs. Des femmes, des enfants, jeunes et m\u00eame des personnes \u00e2g\u00e9es ont pris part \u00e0 la manifestation d\u2019hier, dans la capitale du Djurdjura.<\/p>\n<p>Des images extr\u00eamement belles et pleines de sens aussi comme celle d\u2019un moudjahid qui a port\u00e9 une pancarte sur laquelle est \u00e9crite \u00abLe FLN au mus\u00e9e\u00bb et celle d\u2019un adolescent qui a mis en avant un \u00e9tendard sur lequel on pouvait lire : \u00abVous \u00eates un danger pour mon avenir\u00bb, un message aux d\u00e9cideurs qui ont \u00e9t\u00e9 stigmatis\u00e9s par la foule durant toute la p\u00e9riode de la marche.<\/p>\n<p>Nous avons remarqu\u00e9 aussi des marcheurs qui ont mis en avant des banderoles en faveur de la lib\u00e9ration de la secr\u00e9taire g\u00e9n\u00e9rale du Parti des travailleurs. \u00abPour la lib\u00e9ration imm\u00e9diate et inconditionnelle de Louisa Hanoune\u00bb. \u00abSi on ne se mobilise pas pour d\u00e9noncer l\u2019arrestation arbitraire de cette dame, on va assister s\u00fbrement \u00e0 une justice exp\u00e9ditive \u00e0 l\u2019encontre d\u2019autres hommes politiques de l\u2019opposition\u00bb, s\u2019indigne un militant du PT.<\/p>\n<p>Le d\u00e9part de Bedoui et Bensalah est \u00e9galement r\u00e9clam\u00e9 encore une fois, par les marcheurs qui ont rejet\u00e9 aussi le dernier discours du chef d\u2019Etat, et ce, notamment \u00e0 travers des slogans hostiles aux \u00e9lections. \u00abNon \u00e0 la mascarade \u00e9lectorale du 4 juillet 2019, car elle va sauver le syst\u00e8me et \u00e9touffer le mouvement populaire. Il n\u2019y aura pas de vote avant le d\u00e9part, pur et simple, du syst\u00e8me.<\/p>\n<p>Comment peut-on organiser des \u00e9lections avec un gouvernement rejet\u00e9 par tout le peuple ?\u00bb s\u2019interroge un marcheur qui criait, \u00e0 gorge d\u00e9ploy\u00e9e, \u00abUlach Lvot Ulach\u00bb (Pas d\u2019\u00e9lection). La foule a aussi insist\u00e9 sur le d\u00e9part du chef d\u2019\u00e9tat- major de l\u2019arm\u00e9e.<\/p>\n<p>\u00abGaid d\u00e9gage\u00bb est, d\u2019ailleurs, le slogans le plus scand\u00e9 par les participants \u00e0 la marche qui ont poursuivi leur parcours via la grande rue de la ville des Gen\u00eats, jusqu\u2019\u00e0 la place Matoub Loun\u00e8s, en face de l\u2019ancienne gare routi\u00e8re.<\/p>\n<p>Ainsi, apr\u00e8s un grand rassemblement devant le m\u00e9morial des martyrs de la Guerre de Lib\u00e9ration nationale, les marcheurs se sont dispers\u00e9s dans le calme. Par ailleurs, outre les actions de terrain, le d\u00e9bat engag\u00e9 depuis plusieurs semaines sur la transition d\u00e9mocratique se poursuit toujours en ces soir\u00e9es du mois sacr\u00e9. Jeudi \u00e0 22h, Tarek Mira, Hamid Ouazar et Nadia Bouseloua ont anim\u00e9 une table ronde, \u00e0 l\u2019auditorium du campus universitaire de Hasnaoua, autour du manifeste : \u00abPour l\u2019Alg\u00e9rie nouvelle\u00bb.<\/p>\n<p>Cette rencontre entre dans le cadre des D\u00e9bats de l\u2019UMMTO qu\u2019organisent les enseignants avec les \u00e9tudiants et le personnel ATS de l\u2019universit\u00e9 Mouloud Mammeri de Tizi Ouzou. Le d\u00e9bat est lanc\u00e9 aussi dans les localit\u00e9s de la wilaya de Tizi Ouzou.<\/p>\n<p>D\u2019ailleurs, l\u2019avocat et militant des droits de l\u2019homme, Mustapha Bouchachi, devait animer, hier \u00e0 22h, une conf\u00e9rence organis\u00e9e \u00e0 l\u2019initiative de \u00abla coalition de la soci\u00e9t\u00e9 civile de Tizi Ouzou\u00bb, au stade municipal de Yakouren.<\/p>\n<p><span class=\"post-views-label\">Post Views:<\/span> <span class=\"post-views-count\">707<\/span><\/p>\n<p>Auteur: Hicham Chouadria<br \/>\n<a href=\"https:\/\/www.elwatan.com\/edition\/actualite\/la-mobilisation-se-poursuit-malgre-la-chaleur-tizi-ouzou-non-a-lalternance-entre-clans-11-05-2019\">Cliquez ici pour lire l&rsquo;article depuis sa source.<\/a><\/p>\n","protected":false},"excerpt":{"rendered":"<p>Mobilisation hier \u00e0 Tizi Ouzou ( photo : El watan ) La mobilisation \u00e9tait au rendez-vous, hier, \u00e0 Tizi Ouzou malgr\u00e9 la chaleur et l\u2019\u00e9prouvante journ\u00e9e de je\u00fbne. Les citoyens ont ainsi battu le pav\u00e9 dans le chef-lieu de wilaya lors d\u2019une imposante action de terrain afin de r\u00e9it\u00e9rer leur exigence : le d\u00e9part du [&hellip;]<\/p>\n","protected":false},"author":1743,"featured_media":33682,"comment_status":"closed","ping_status":"closed","sticky":false,"template":"","format":"standard","meta":{"fifu_image_url":"","fifu_image_alt":"","footnotes":""},"categories":[73,53],"tags":[],"class_list":["post-33681","post","type-post","status-publish","format-standard","has-post-thumbnail","hentry","category-actualite","category-algerie"],"_links":{"self":[{"href":"https:\/\/linitiative.ca\/International\/wp-json\/wp\/v2\/posts\/33681","targetHints":{"allow":["GET"]}}],"collection":[{"href":"https:\/\/linitiative.ca\/International\/wp-json\/wp\/v2\/posts"}],"about":[{"href":"https:\/\/linitiative.ca\/International\/wp-json\/wp\/v2\/types\/post"}],"author":[{"embeddable":true,"href":"https:\/\/linitiative.ca\/International\/wp-json\/wp\/v2\/users\/1743"}],"replies":[{"embeddable":true,"href":"https:\/\/linitiative.ca\/International\/wp-json\/wp\/v2\/comments?post=33681"}],"version-history":[{"count":0,"href":"https:\/\/linitiative.ca\/International\/wp-json\/wp\/v2\/posts\/33681\/revisions"}],"wp:featuredmedia":[{"embeddable":true,"href":"https:\/\/linitiative.ca\/International\/wp-json\/"}],"wp:attachment":[{"href":"https:\/\/linitiative.ca\/International\/wp-json\/wp\/v2\/media?parent=33681"}],"wp:term":[{"taxonomy":"category","embeddable":true,"href":"https:\/\/linitiative.ca\/International\/wp-json\/wp\/v2\/categories?post=33681"},{"taxonomy":"post_tag","embeddable":true,"href":"https:\/\/linitiative.ca\/International\/wp-json\/wp\/v2\/tags?post=33681"}],"curies":[{"name":"wp","href":"https:\/\/api.w.org\/{rel}","templated":true}]}}