{"id":33684,"date":"2019-05-11T05:20:05","date_gmt":"2019-05-11T09:20:05","guid":{"rendered":"https:\/\/linitiative.ca\/International\/le-pouvoir-maintient-sa-volonte-dorganiser-des-elections-lentetement-des-decideurs-et-la-reponse-des-algeriens\/"},"modified":"2019-05-11T05:20:05","modified_gmt":"2019-05-11T09:20:05","slug":"le-pouvoir-maintient-sa-volonte-dorganiser-des-elections-lentetement-des-decideurs-et-la-reponse-des-algeriens","status":"publish","type":"post","link":"https:\/\/linitiative.ca\/International\/le-pouvoir-maintient-sa-volonte-dorganiser-des-elections-lentetement-des-decideurs-et-la-reponse-des-algeriens\/","title":{"rendered":"Le pouvoir maintient sa volont\u00e9 d\u2019organiser des \u00e9lections : L\u2019ent\u00eatement des d\u00e9cideurs et la r\u00e9ponse des Alg\u00e9riens"},"content":{"rendered":"<h4 class=\"title-14\"\/>\n<div class=\"featured_image\"><img width=\"800\" height=\"552\" data-cfsrc=\"https:\/\/www.elwatan.com\/wp-content\/uploads\/2019\/05\/Manif-souhil-col-e1557535578801.jpeg\" class=\"attachment-post-thumbnail size-post-thumbnail wp-post-image c1\" alt=\"\"\/><noscript><\/p>\n<p><img loading=\"lazy\" decoding=\"async\" width=\"800\" height=\"552\" src=\"https:\/\/www.elwatan.com\/wp-content\/uploads\/2019\/05\/Manif-souhil-col-e1557535578801.jpeg\" class=\"attachment-post-thumbnail size-post-thumbnail wp-post-image\" alt=\"\"\/><\/p>\n<p><\/noscript> <span class=\"featured-image-caption\">(Photo : Souhil B)<\/span><\/div>\n<p>Il n\u2019y aura pas d\u2019\u00e9lection organis\u00e9e par des issabates (clans). Le peuple arm\u00e9 d\u2019une in\u00e9branlable d\u00e9termination est sorti hier pour r\u00e9affirmer son refus de l\u2019\u00e9lection pr\u00e9sidentielle que les tenants du pouvoir, le pouvoir r\u00e9el qui est l\u2019\u00e9tat-major et le chef de l\u2019Etat par int\u00e9rim, Abdelkader Bensalah.<\/p>\n<p>Celui-ci et son Premier ministre, Noureddine Bedoui, sujets \u00e0 une grande contestation populaire, se sont rencontr\u00e9s jeudi dernier pour parler, selon les m\u00e9dias publics, du calendrier \u00e9lectoral et du d\u00e9roulement de l\u2019\u00e9lection fix\u00e9e au 4 juillet prochain.<\/p>\n<p>Quelle explication \u00e0 donner \u00e0 une telle attitude\u00a0? Vouloir maintenir, contre vents et mar\u00e9es, l\u2019\u00e9lection pr\u00e9sidentielle est un non-sens. Elle est tout simplement impossible. Sauf si les plans de ceux qui d\u00e9tiennent le pouvoir sont autres que ce que demandent les Alg\u00e9riens, qui continuent \u00e0 sortir par millions dans la rue.<\/p>\n<p>Et, il faut le dire, l\u2019arrestation de la secr\u00e9taire g\u00e9n\u00e9rale du Parti des travailleurs, Louisa Hanoune, en est un mauvais signe. L\u2019Alg\u00e9rie se retrouve dans un chemin sans issue, et le temps perdu \u00e0 refuser des solutions pourtant simples complique chaque jour un peu plus la situation.<\/p>\n<p>Hier, les Alg\u00e9riens pensaient que l\u2019institution miliaire \u00e9tait pr\u00eate \u00e0 les accompagner dans leur processus de rupture avec l\u2019ancien syst\u00e8me politique et lancer une nouvelle construction qui r\u00e9ponde \u00e0 leurs aspirations, ils ne le croient plus aujourd\u2019hui.<\/p>\n<p>Ils ont na\u00efvement cru que le cours qu\u2019avait pris l\u2019accompagnement allait conduire \u00e0 une solution, il est devenu un probl\u00e8me au fil du temps, hier encore plus.<\/p>\n<p>C\u2019est ce climat d\u00e9l\u00e9t\u00e8re et le refus d\u2019une transition dans les termes o\u00f9 elle est revendiqu\u00e9e par les Alg\u00e9riens qui sont en train de rendre ardue toute possibilit\u00e9 de sortie de crise, qui b\u00e9n\u00e9ficie pourtant d\u2019un v\u00e9ritable consensus national en cela qu\u2019elle est soutenue par tout le peuple et l\u2019ensemble des partis de l\u2019opposition. Ne pas s\u2019y appliquer rel\u00e8ve tout simplement de l\u2019aveuglement.<\/p>\n<p>Comment compte-t-on maintenir le d\u00e9roulement d\u2019une \u00e9lection que beaucoup, des dizaines, d\u2019Assembl\u00e9es populaires communales (APC) et de magistrats refusent d\u2019organiser\u00a0? Quelle l\u00e9gitimit\u00e9 aura celui qui sera impos\u00e9 \u00e0 la t\u00eate de l\u2019Etat\u00a0? Au terme d\u2019un processus parsem\u00e9 de mines et d\u2019importants risques, la crise restera toujours\u00a0l\u00e0 avec tous ses ingr\u00e9dients explosifs. L\u2019Alg\u00e9rie semble avoir d\u00e9j\u00e0 perdu assez de temps pour en sortir.<\/p>\n<p>Beaucoup d\u2019interrogations entourent d\u2019ailleurs le refus d\u2019aller vers une solution politique de la crise. Pour les Alg\u00e9riens, les partis de l\u2019opposition et les personnalit\u00e9s nationales, rester dans le pi\u00e8ge de l\u2019article 102 de la Constitution qui a rendu possible le d\u00e9part de l\u2019ex-pr\u00e9sident, Abdelaziz Bouteflika, c\u2019est se faire prisonnier d\u2019un texte devenu inop\u00e9rant parce qu\u2019il ne prend pas en charge l\u2019aspiration du peuple alg\u00e9rien de voir enfin le pays dot\u00e9 d\u2019institutions l\u00e9gitimes, capables de le d\u00e9velopper.<\/p>\n<p>Que feront les tenants du pouvoir devant les demandes instantes des Alg\u00e9riens d\u2019aller vers une v\u00e9ritable p\u00e9riode de transition\u00a0? Les manifestations d\u2019hier ont donn\u00e9 la preuve de leur grande et infaillible d\u00e9termination \u00e0 faire aboutir leurs revendications l\u00e9gitimes.<\/p>\n<p><span class=\"post-views-label\">Post Views:<\/span> <span class=\"post-views-count\">665<\/span><\/p>\n<p>Auteur: Hicham Chouadria<br \/>\n<a href=\"https:\/\/www.elwatan.com\/edition\/actualite\/le-pouvoir-maintient-sa-volonte-dorganiser-des-elections-lentetement-des-decideurs-et-la-reponse-des-algeriens-11-05-2019\">Cliquez ici pour lire l&rsquo;article depuis sa source.<\/a><\/p>\n","protected":false},"excerpt":{"rendered":"<p>(Photo : Souhil B) Il n\u2019y aura pas d\u2019\u00e9lection organis\u00e9e par des issabates (clans). Le peuple arm\u00e9 d\u2019une in\u00e9branlable d\u00e9termination est sorti hier pour r\u00e9affirmer son refus de l\u2019\u00e9lection pr\u00e9sidentielle que les tenants du pouvoir, le pouvoir r\u00e9el qui est l\u2019\u00e9tat-major et le chef de l\u2019Etat par int\u00e9rim, Abdelkader Bensalah. Celui-ci et son Premier ministre, [&hellip;]<\/p>\n","protected":false},"author":1743,"featured_media":33685,"comment_status":"closed","ping_status":"closed","sticky":false,"template":"","format":"standard","meta":{"fifu_image_url":"","fifu_image_alt":"","footnotes":""},"categories":[73,53],"tags":[],"class_list":["post-33684","post","type-post","status-publish","format-standard","has-post-thumbnail","hentry","category-actualite","category-algerie"],"_links":{"self":[{"href":"https:\/\/linitiative.ca\/International\/wp-json\/wp\/v2\/posts\/33684","targetHints":{"allow":["GET"]}}],"collection":[{"href":"https:\/\/linitiative.ca\/International\/wp-json\/wp\/v2\/posts"}],"about":[{"href":"https:\/\/linitiative.ca\/International\/wp-json\/wp\/v2\/types\/post"}],"author":[{"embeddable":true,"href":"https:\/\/linitiative.ca\/International\/wp-json\/wp\/v2\/users\/1743"}],"replies":[{"embeddable":true,"href":"https:\/\/linitiative.ca\/International\/wp-json\/wp\/v2\/comments?post=33684"}],"version-history":[{"count":0,"href":"https:\/\/linitiative.ca\/International\/wp-json\/wp\/v2\/posts\/33684\/revisions"}],"wp:featuredmedia":[{"embeddable":true,"href":"https:\/\/linitiative.ca\/International\/wp-json\/"}],"wp:attachment":[{"href":"https:\/\/linitiative.ca\/International\/wp-json\/wp\/v2\/media?parent=33684"}],"wp:term":[{"taxonomy":"category","embeddable":true,"href":"https:\/\/linitiative.ca\/International\/wp-json\/wp\/v2\/categories?post=33684"},{"taxonomy":"post_tag","embeddable":true,"href":"https:\/\/linitiative.ca\/International\/wp-json\/wp\/v2\/tags?post=33684"}],"curies":[{"name":"wp","href":"https:\/\/api.w.org\/{rel}","templated":true}]}}