{"id":33686,"date":"2019-05-11T05:25:35","date_gmt":"2019-05-11T09:25:35","guid":{"rendered":"https:\/\/linitiative.ca\/International\/12e-vendredi-de-la-contestation-populaire-gaid-salah-particulierement-cible\/"},"modified":"2019-05-11T05:25:35","modified_gmt":"2019-05-11T09:25:35","slug":"12e-vendredi-de-la-contestation-populaire-gaid-salah-particulierement-cible","status":"publish","type":"post","link":"https:\/\/linitiative.ca\/International\/12e-vendredi-de-la-contestation-populaire-gaid-salah-particulierement-cible\/","title":{"rendered":"12e vendredi de la contestation populaire : Ga\u00efd Salah particuli\u00e8rement cibl\u00e9"},"content":{"rendered":"<h4 class=\"title-14\"\/>\n<div class=\"featured_image\"><img width=\"800\" height=\"532\" data-cfsrc=\"https:\/\/www.elwatan.com\/wp-content\/uploads\/2019\/05\/Manif-col-h-lyes-e1557536497719.jpg\" class=\"attachment-post-thumbnail size-post-thumbnail wp-post-image c1\" alt=\"\"\/><noscript><\/p>\n<p><img loading=\"lazy\" decoding=\"async\" width=\"800\" height=\"532\" src=\"https:\/\/www.elwatan.com\/wp-content\/uploads\/2019\/05\/Manif-col-h-lyes-e1557536497719.jpg\" class=\"attachment-post-thumbnail size-post-thumbnail wp-post-image\" alt=\"\"\/><\/p>\n<p><\/noscript> <span class=\"featured-image-caption\">( photo : h. Lyes )<\/span><\/div>\n<p>Ils \u00e9taient des milliers de manifestants \u00e0 braver la faim, la soif et la chaleur dans les rues de la capitale, pour exprimer, pour la 12e fois de suite, leur rejet du \u00absyst\u00e8me\u00bb.<\/p>\n<p>Cette fois-ci, et au vu des derniers d\u00e9veloppements qu\u2019a connus la sc\u00e8ne politique nationale, c\u2019est le chef d\u2019\u00e9tat-major de l\u2019ANP, Ahmed Ga\u00efd Salah, qui a \u00e9t\u00e9 particuli\u00e8rement cibl\u00e9, comme ce fut le cas d\u2019ailleurs, mais dans une moindre mesure, vendredi pass\u00e9. Les Alg\u00e9riens ont \u00e9galement r\u00e9affirm\u00e9 leur position de rejet du processus \u00e9lectoral en cours.<\/p>\n<p>Ainsi, le slogan qui a \u00e9t\u00e9 le plus scand\u00e9 hier \u00e9tait \u00abDawla madania, machi askaria\u00bb (Etat civil et non militaire). Le sc\u00e9nario \u00e9gyptien est dans les esprits de beaucoup d\u2019Alg\u00e9riens. D\u2019ailleurs, certains d\u2019entre eux ont scand\u00e9s \u00e9galement \u00abChaab la yourid masrahia misria\u00bb (Le peuple ne veut pas une pi\u00e8ce th\u00e9\u00e2trale \u00e9gyptienne).<\/p>\n<p>A cet effet, manifestants et politiques tiennent \u00e0 exprimer leur inqui\u00e9tude concernant certains aspects li\u00e9s aux positions de l\u2019institution militaire vis-\u00e0-vis du hirak, comme le fait que le chef d\u2019\u00e9tat-major de l\u2019ANP s\u2019en tient toujours \u00e0 la \u00abvoie constitutionnelle\u00bb, c\u2019est-\u00e0-dire un processus men\u00e9 par le chef de l\u2019Etat par int\u00e9rim, Abdelkader Bensalah, d\u00e9bouchant sur la pr\u00e9sidentielle du 4 juillet prochain, et les arrestations de certaines personnalit\u00e9s, poursuivies notamment par le tribunal militaire. \u00abGa\u00efd Salah d\u00e9gage\u00bb, ont \u00e9galement scand\u00e9s les manifestants, comme pour signifier d\u2019une mani\u00e8re franche et directe leur m\u00e9contentement vis-\u00e0-vis de l\u2019attitude du vice-ministre de la D\u00e9fense nationale.<\/p>\n<p>En plus des slogans scand\u00e9s, des citoyens se sont exprim\u00e9s via des pancartes ou banderoles qu\u2019ils ont brandies. Une grande affiche, accroch\u00e9e sur la fa\u00e7ade de la Grande-Poste, a particuli\u00e8rement d\u00e9plu aux autorit\u00e9s. \u00abVous partirez, veut dire vous partirez. Pas de dialogue avec vous. Pas de tutelle sur la volont\u00e9 du peuple.<\/p>\n<p>C\u2019est le peuple qui d\u00e9cide. L\u2019arm\u00e9e est la n\u00f4tre et Ga\u00efd est contre la volont\u00e9 du peuple\u00bb, lit-on sur cette grande banderole, sur laquelle il y avait \u00e9galement des photos de quelques responsables, comme Bensalah, Bedoui ou m\u00eame le nouveau premier responsable du FLN, Mohamed Djemai.<\/p>\n<p>Des policiers avaient tent\u00e9 \u00e0 maintes reprises de l\u2019enlever, en vain. La d\u00e9termination des manifestants les en a finalement dissuad\u00e9s. Vendredi dernier aussi, des policiers avaient \u00absaisis\u00bb des pancartes sur lesquelles \u00e9taient inscrits des slogans contre Ga\u00efd Salah. Mais globalement, cela n\u2019a eu aucune incidence sur les manifestations.<\/p>\n<p>Bien \u00e9videmment, les contestataires se sont \u00e9galement prononc\u00e9s, d\u2019une mani\u00e8re claire, contre l\u2019\u00e9lection pr\u00e9sidentielle du 4 juillet prochain. \u00abMakanch Intikhabat ya issabat\u00bb (Pas d\u2019\u00e9lections, bandits), ont-ils scand\u00e9s.<\/p>\n<p>Pour la majorit\u00e9 des Alg\u00e9riens, comme c\u2019est le cas pour ce qui est de la classe politique de l\u2019opposition, il n\u2019est nullement question de s\u2019engager dans un processus \u00e9lectoral men\u00e9 par des figures du r\u00e9gime bouteflikien, en l\u2019occurrence le chef de l\u2019Etat par int\u00e9rim, Abdelkader Bensalah, et le Premier ministre, Nourredine Bedoui.<\/p>\n<p>Ce dernier a \u00e9t\u00e9 pendant longtemps, sous la pr\u00e9sidence de Abdelaziz Bouteflika, ministre de l\u2019Int\u00e9rieur. Pour l\u2019instant, et malgr\u00e9 ce refus de la population, les autorit\u00e9s s\u2019en tiennent \u00e0 cette \u00e9lection pr\u00e9sidentielle, m\u00eame si techniquement les chances de sa tenue s\u2019av\u00e8rent extr\u00eamement minces.<\/p>\n<p>Ainsi, tout en rejetant ce processus \u00e9lectoral, les Alg\u00e9riens ont lanc\u00e9, hier, un avertissement contre toute vell\u00e9it\u00e9 d\u2019aller vers un sc\u00e9nario \u00ab\u00e0 l\u2019\u00e9gyptienne\u00bb, c\u2019est-\u00e0-dire la prise du pouvoir par l\u2019arm\u00e9e.<\/p>\n<p><span class=\"post-views-label\">Post Views:<\/span> <span class=\"post-views-count\">3\u00a0789<\/span><\/p>\n<p>Auteur: Hicham Chouadria<br \/>\n<a href=\"https:\/\/www.elwatan.com\/edition\/actualite\/12e-vendredi-de-la-contestation-populaire-gaid-salah-particulierement-cible-11-05-2019\">Cliquez ici pour lire l&rsquo;article depuis sa source.<\/a><\/p>\n","protected":false},"excerpt":{"rendered":"<p>( photo : h. Lyes ) Ils \u00e9taient des milliers de manifestants \u00e0 braver la faim, la soif et la chaleur dans les rues de la capitale, pour exprimer, pour la 12e fois de suite, leur rejet du \u00absyst\u00e8me\u00bb. Cette fois-ci, et au vu des derniers d\u00e9veloppements qu\u2019a connus la sc\u00e8ne politique nationale, c\u2019est le [&hellip;]<\/p>\n","protected":false},"author":1743,"featured_media":33687,"comment_status":"closed","ping_status":"closed","sticky":false,"template":"","format":"standard","meta":{"fifu_image_url":"","fifu_image_alt":"","footnotes":""},"categories":[73,53],"tags":[],"class_list":["post-33686","post","type-post","status-publish","format-standard","has-post-thumbnail","hentry","category-actualite","category-algerie"],"_links":{"self":[{"href":"https:\/\/linitiative.ca\/International\/wp-json\/wp\/v2\/posts\/33686","targetHints":{"allow":["GET"]}}],"collection":[{"href":"https:\/\/linitiative.ca\/International\/wp-json\/wp\/v2\/posts"}],"about":[{"href":"https:\/\/linitiative.ca\/International\/wp-json\/wp\/v2\/types\/post"}],"author":[{"embeddable":true,"href":"https:\/\/linitiative.ca\/International\/wp-json\/wp\/v2\/users\/1743"}],"replies":[{"embeddable":true,"href":"https:\/\/linitiative.ca\/International\/wp-json\/wp\/v2\/comments?post=33686"}],"version-history":[{"count":0,"href":"https:\/\/linitiative.ca\/International\/wp-json\/wp\/v2\/posts\/33686\/revisions"}],"wp:featuredmedia":[{"embeddable":true,"href":"https:\/\/linitiative.ca\/International\/wp-json\/"}],"wp:attachment":[{"href":"https:\/\/linitiative.ca\/International\/wp-json\/wp\/v2\/media?parent=33686"}],"wp:term":[{"taxonomy":"category","embeddable":true,"href":"https:\/\/linitiative.ca\/International\/wp-json\/wp\/v2\/categories?post=33686"},{"taxonomy":"post_tag","embeddable":true,"href":"https:\/\/linitiative.ca\/International\/wp-json\/wp\/v2\/tags?post=33686"}],"curies":[{"name":"wp","href":"https:\/\/api.w.org\/{rel}","templated":true}]}}