{"id":33690,"date":"2019-05-11T09:20:51","date_gmt":"2019-05-11T13:20:51","guid":{"rendered":"https:\/\/linitiative.ca\/International\/boumerdes-deux-terroristes-dont-un-ancien-du-gia-elimines-a-dellys\/"},"modified":"2019-05-11T09:20:51","modified_gmt":"2019-05-11T13:20:51","slug":"boumerdes-deux-terroristes-dont-un-ancien-du-gia-elimines-a-dellys","status":"publish","type":"post","link":"https:\/\/linitiative.ca\/International\/boumerdes-deux-terroristes-dont-un-ancien-du-gia-elimines-a-dellys\/","title":{"rendered":"Boumerd\u00e8s : Deux terroristes dont un ancien du GIA \u00e9limin\u00e9s \u00e0 Dellys"},"content":{"rendered":"<p>Deux terroristes ont \u00e9t\u00e9 \u00e9limin\u00e9s ce samedi par\u00a0 un d\u00e9tachement de l\u2019ANP \u00e0 Dellys, \u00e0 50 km \u00e0 l\u2019est de Boumerd\u00e8s, a-t-on appris de source locale.<\/p>\n<p>L\u2019information a \u00e9t\u00e9 rendu publique cet apr\u00e8s midi par le MDN qui a pr\u00e9cis\u00e9 dans un communiqu\u00e9 que cette op\u00e9ration a permis \u00e9galement la r\u00e9cup\u00e9ration d\u2019un pistolet mitrailleur de type Kalachnikov, deux chargeurs et une grenade. Ce coup de filet a\u00a0 eu lieu vers 7h dans la for\u00eat d\u2019Assouaf, entre Dellys et Sidi Daoud, a-t-on encore appris. Les cadavres des deux terroristes ont \u00e9t\u00e9 achemin\u00e9s vers la morgue de l\u2019h\u00f4pital de la ville. L\u2019un d\u2019eux aurait \u00e9t\u00e9 identifi\u00e9 comme \u00e9tant le d\u00e9nomm\u00e9 M. Rachid. Natif de la r\u00e9gion, ce sanguinaire avait rejoint les maquis en 1994.<\/p>\n<p>Selon nos sources, ce v\u00e9t\u00e9ran des groupes islamistes avait particip\u00e9 \u00e0 plusieurs attentats terroristes. Son nom a \u00e9t\u00e9 cit\u00e9 lors de plusieurs proc\u00e8s li\u00e9s aux exactions de ses anciens acolytes. \u00a0<strong>R.Kebbabi<\/strong><\/p>\n<div class=\"yuzo_related_post style-1\" data-version=\"5.12.88\">\n<p><h3>Related Post<\/h3>\n<\/p>\n<div class=\"yuzo_wraps\">\n<div class=\"relatedthumb relatedpost-151182 c10\"><a href=\"https:\/\/www.elwatan.com\/edition\/actualite\/nous-craignons-un-reglement-de-comptes-22-09-2018\"\/><\/p>\n<p><span class=\"yuzo__text--title c9\">\u00abNous craignons un r\u00e8glement de comptes\u00bb<\/span><\/div>\n<div class=\"relatedthumb relatedpost-382240 c10\"><a href=\"https:\/\/www.elwatan.com\/edition\/international\/libye-attaque-terroriste-contre-le-ministere-des-affaires-etrangeres-a-tripoli-25-12-2018\"\/><\/p>\n<p><span class=\"yuzo__text--title c9\">Libye: Attaque terroriste contre le minist\u00e8re des &#8230;<\/span><\/div>\n<div class=\"relatedthumb relatedpost-152383 c10\"><a href=\"https:\/\/www.elwatan.com\/edition\/actualite\/reddition-dun-terroriste-a-tamanrasset-2-28-09-2018\"\/><\/p>\n<p><span class=\"yuzo__text--title c9\">Reddition d\u2019un terroriste \u00e0 Tamanrasset<\/span><\/div>\n<div class=\"relatedthumb relatedpost-153786 c10\"><a href=\"https:\/\/www.elwatan.com\/edition\/actualite\/gaid-salah-estime-que-lalgerie-merite-de-la-part-de-ses-fils-quils-demeurent-la-forteresse-impenetrable-05-10-2018\"\/><\/p>\n<p><span class=\"yuzo__text--title c9\">Ga\u00efd Salah estime que l\u2019Alg\u00e9rie m\u00e9rite de la part &#8230;<\/span><\/div>\n<\/div>\n<\/div>\n<p><span class=\"post-views-label\">Post Views:<\/span> <span class=\"post-views-count\">896<\/span><\/p>\n<p>Auteur: Farouk Djouadi<br \/>\n<a href=\"https:\/\/www.elwatan.com\/edition\/actualite\/le-mdn-annonce-lelimination-de-deux-terroristes-a-dellys-11-05-2019\">Cliquez ici pour lire l&rsquo;article depuis sa source.<\/a><\/p>\n","protected":false},"excerpt":{"rendered":"<p>Deux terroristes ont \u00e9t\u00e9 \u00e9limin\u00e9s ce samedi par\u00a0 un d\u00e9tachement de l\u2019ANP \u00e0 Dellys, \u00e0 50 km \u00e0 l\u2019est de Boumerd\u00e8s, a-t-on appris de source locale. L\u2019information a \u00e9t\u00e9 rendu publique cet apr\u00e8s midi par le MDN qui a pr\u00e9cis\u00e9 dans un communiqu\u00e9 que cette op\u00e9ration a permis \u00e9galement la r\u00e9cup\u00e9ration d\u2019un pistolet mitrailleur de [&hellip;]<\/p>\n","protected":false},"author":1743,"featured_media":0,"comment_status":"closed","ping_status":"closed","sticky":false,"template":"","format":"standard","meta":{"fifu_image_url":"","fifu_image_alt":"","footnotes":""},"categories":[73,53],"tags":[],"class_list":["post-33690","post","type-post","status-publish","format-standard","hentry","category-actualite","category-algerie"],"_links":{"self":[{"href":"https:\/\/linitiative.ca\/International\/wp-json\/wp\/v2\/posts\/33690","targetHints":{"allow":["GET"]}}],"collection":[{"href":"https:\/\/linitiative.ca\/International\/wp-json\/wp\/v2\/posts"}],"about":[{"href":"https:\/\/linitiative.ca\/International\/wp-json\/wp\/v2\/types\/post"}],"author":[{"embeddable":true,"href":"https:\/\/linitiative.ca\/International\/wp-json\/wp\/v2\/users\/1743"}],"replies":[{"embeddable":true,"href":"https:\/\/linitiative.ca\/International\/wp-json\/wp\/v2\/comments?post=33690"}],"version-history":[{"count":0,"href":"https:\/\/linitiative.ca\/International\/wp-json\/wp\/v2\/posts\/33690\/revisions"}],"wp:attachment":[{"href":"https:\/\/linitiative.ca\/International\/wp-json\/wp\/v2\/media?parent=33690"}],"wp:term":[{"taxonomy":"category","embeddable":true,"href":"https:\/\/linitiative.ca\/International\/wp-json\/wp\/v2\/categories?post=33690"},{"taxonomy":"post_tag","embeddable":true,"href":"https:\/\/linitiative.ca\/International\/wp-json\/wp\/v2\/tags?post=33690"}],"curies":[{"name":"wp","href":"https:\/\/api.w.org\/{rel}","templated":true}]}}