{"id":33691,"date":"2019-05-11T10:15:33","date_gmt":"2019-05-11T14:15:33","guid":{"rendered":"https:\/\/linitiative.ca\/International\/espagne-lancien-dirigeant-socialiste-alfredo-perez-rubalcaba-nest-plus\/"},"modified":"2019-05-11T10:15:33","modified_gmt":"2019-05-11T14:15:33","slug":"espagne-lancien-dirigeant-socialiste-alfredo-perez-rubalcaba-nest-plus","status":"publish","type":"post","link":"https:\/\/linitiative.ca\/International\/espagne-lancien-dirigeant-socialiste-alfredo-perez-rubalcaba-nest-plus\/","title":{"rendered":"Espagne : L\u2019ancien dirigeant socialiste Alfredo Perez Rubalcaba n\u2019est plus"},"content":{"rendered":"<p class=\"p1\"><span class=\"s1\">L\u2019ancien ministre et dirigeant socialiste espagnol, Alfredo Perez Rubalcaba, est d\u00e9c\u00e9d\u00e9 vendredi<span class=\"Apple-converted-space\">\u00a0<\/span> \u00e0 15h30 \u00e0 l\u2019\u00e2ge de 67 ans, apr\u00e8s avoir subi un AVC<span class=\"Apple-converted-space\">\u00a0<\/span> \u201caccident vasculaire c\u00e9r\u00e9bral\u201d. Il avait \u00e9t\u00e9 admis mercredi soir dans un \u201c\u00e9tat grave\u201d \u00e0 l\u2019h\u00f4pital Puerta de Hierro de Majadahonda, pr\u00e8s de Madrid.<\/span><\/p>\n<p class=\"p1\"><span class=\"s1\">Alfredo P\u00e9rez Rubalcaba fait partie de ces personnages politiques ayant travaill\u00e9 pour rendre l\u2019Espagne d\u00e9mocratique apr\u00e8s la dictature franquiste, en \u00e9voluant dans les arcanes du pouvoir au d\u00e9but des ann\u00e9es 80 jusqu\u2019\u00e0 nos jours. Il s\u2019engage au Parti Socialiste Espagnol en 1974, alors que le mouvement \u00e9tait interdit par la dictature franquiste. A la mort du g\u00e9n\u00e9ral Franco, le parti sera l\u00e9galis\u00e9 et acc\u00e9dera au pouvoir en 1981. Rubalcaba suivra l\u2019ascendance de son parti en devenant Secr\u00e9taire g\u00e9n\u00e9ral \u00e0 l\u2019\u00c9ducation du minist\u00e8re de l\u2019\u00c9ducation et de la Science. Il prendra la t\u00eate de ce minist\u00e8re en 1992.<\/span><\/p>\n<p class=\"p1\"><span class=\"s1\">Figure historique du parti socialiste espagnol. Alfredo P\u00e9rez Rubalcaba, un fin strat\u00e8ge s\u2019est notamment impos\u00e9 dans la lutte contre l\u2019ETA avec qui des conversations secr\u00e8tes avaient \u00e9t\u00e9 men\u00e9es d\u00e8s 2006. Peu apr\u00e8s son d\u00e9part du minist\u00e8re, l\u2019organisation s\u00e9paratiste arm\u00e9e avait annonc\u00e9 l\u2019abandon de la lutte arm\u00e9e en octobre 2011.<\/span><\/p>\n<p class=\"p1\"><span class=\"s1\">Il y a quelques mois \u00e0 peine, le chef du gouvernement Espagnol Pedro S\u00e1nchez a propos\u00e9 \u00e0 Alfredo Perez Rubalcaba d\u2019\u00eatre candidat \u00e0 la mairie de Madrid. Rubalcaba a dit non. Il \u00e9tait clair que son d\u00e9part<span class=\"Apple-converted-space\">\u00a0<\/span> de la politique \u00e9tait d\u00e9finitif, apr\u00e8s avoir d\u00e9missionn\u00e9 de son poste de dirigeant du PSOE \u00e0 la suite des \u00e9lections europ\u00e9ennes de 2014. C\u2019\u00e9tait la raison all\u00e9gu\u00e9e, mais il y en avait une autre: il avait suppos\u00e9 qu\u2019il devrait laisser la place \u00e0 une g\u00e9n\u00e9ration plus jeune.<\/span><\/p>\n<p class=\"p1\"><span class=\"s1\">Le chef du gouvernement espagnol, Pedro Sanchez, qui avait succ\u00e9d\u00e9 en 2014 \u00e0 Alfredo Perez Rubalcaba \u00e0 la t\u00eate du PSOE, a salu\u00e9 un \u201chomme d\u2019Etat \u201cet \u201d une vie enti\u00e8re d\u00e9di\u00e9e au service de son pays \u201c.\u201d La fin d\u2019ETA et de grandes avanc\u00e9es sociales portent sa signature \u201c, a-t-il<span class=\"Apple-converted-space\">\u00a0<\/span> ajout\u00e9. Pedro S\u00e1nchez avait quitt\u00e9 un sommet informel des dirigeants europ\u00e9ens en Roumanie quelque temps avant son ach\u00e8vement, en raison de la d\u00e9t\u00e9rioration de l\u2019\u00e9tat de sant\u00e9 d\u2019Alfredo P\u00e9rez Rubalcaba.<\/span><\/p>\n<p class=\"p1\"><span class=\"s1\">L\u2019essentiel de la classe politique espagnole a rendu hommage \u00e0 une figure incontournable du panorama politique espagnol, jusqu\u2019il y a quelques ann\u00e9es encore. L\u2019ancien chef du gouvernement conservateur Mariano Rajoy a salu\u00e9 \u201c<span class=\"Apple-converted-space\">\u00a0<\/span> un adversaire digne de respect et d\u2019admiration \u201d et \u201d l\u2019une des personnalit\u00e9s les plus importantes de l\u2019histoire r\u00e9cente de l\u2019Espagne \u201c, tandis que le palais royal a soulign\u00e9 son \u201csens aigu de l\u2019Etat\u201d<\/span><\/p>\n<p class=\"p1\"><span class=\"s1\">N\u00e9 en 1951 \u00e0 Solares dans la ville cantabrique, l\u2019ancien dirigeant socialiste a occup\u00e9 pour la premi\u00e8re fois plusieur postes. Ministre de l\u2019Education et de la Science (1992-1993), Porte-parole du gouvernement sous Felipe Gonz\u00e1lez (1993-1996), Porte-parole du groupe PSOE au Congr\u00e8s des d\u00e9put\u00e9s (2004-2006), ministre de l\u00b4 Int\u00e9rieur (2006-2011), Premier vice-pr\u00e9sident du gouvernement espagnol et Porte-parole du gouvernement entre 2010 et 2011.<\/span><\/p>\n<p class=\"p1\"><span class=\"s1\">\u00ab \u201cCe que j\u2019ai fait de plus important2, c\u2019est la fin de l\u2019ETA\u201d, avait-il assur\u00e9 lui-m\u00eame, en 2017, au journal El Mundo. Fin 2011, en pleine crise \u00e9conomique, il avait \u00e9t\u00e9 candidat des socialistes aux l\u00e9gislatives mais avait subi une lourde d\u00e9faite face \u00e0 Marianno Rajoy. Puis il avait abandonn\u00e9 la t\u00eate du PSOE et la politique apr\u00e8s sa d\u00e9route aux \u00e9lections europ\u00e9ennes de 2014, pour reprendre ses fonctions universitaires. Docteur en chimie, il avait retrouv\u00e9 son poste de professeur \u00e0 l\u2019Universit\u00e9 Complutense de Madrid, o\u00f9 il exer\u00e7ait encore le jour de son attaque c\u00e9r\u00e9brale, selon la presse.<\/span><\/p>\n<p><span class=\"post-views-label\">Post Views:<\/span> <span class=\"post-views-count\">242<\/span><\/p>\n<p>Auteur: Mourad Hachid<br \/>\n<a href=\"https:\/\/www.elwatan.com\/edition\/international\/espagne-lancien-dirigeant-socialiste-alfredo-perez-rubalcaba-nest-plus-11-05-2019\">Cliquez ici pour lire l&rsquo;article depuis sa source.<\/a><\/p>\n","protected":false},"excerpt":{"rendered":"<p>L\u2019ancien ministre et dirigeant socialiste espagnol, Alfredo Perez Rubalcaba, est d\u00e9c\u00e9d\u00e9 vendredi\u00a0 \u00e0 15h30 \u00e0 l\u2019\u00e2ge de 67 ans, apr\u00e8s avoir subi un AVC\u00a0 \u201caccident vasculaire c\u00e9r\u00e9bral\u201d. Il avait \u00e9t\u00e9 admis mercredi soir dans un \u201c\u00e9tat grave\u201d \u00e0 l\u2019h\u00f4pital Puerta de Hierro de Majadahonda, pr\u00e8s de Madrid. Alfredo P\u00e9rez Rubalcaba fait partie de ces personnages [&hellip;]<\/p>\n","protected":false},"author":1743,"featured_media":0,"comment_status":"closed","ping_status":"closed","sticky":false,"template":"","format":"standard","meta":{"fifu_image_url":"","fifu_image_alt":"","footnotes":""},"categories":[73,53],"tags":[],"class_list":["post-33691","post","type-post","status-publish","format-standard","hentry","category-actualite","category-algerie"],"_links":{"self":[{"href":"https:\/\/linitiative.ca\/International\/wp-json\/wp\/v2\/posts\/33691","targetHints":{"allow":["GET"]}}],"collection":[{"href":"https:\/\/linitiative.ca\/International\/wp-json\/wp\/v2\/posts"}],"about":[{"href":"https:\/\/linitiative.ca\/International\/wp-json\/wp\/v2\/types\/post"}],"author":[{"embeddable":true,"href":"https:\/\/linitiative.ca\/International\/wp-json\/wp\/v2\/users\/1743"}],"replies":[{"embeddable":true,"href":"https:\/\/linitiative.ca\/International\/wp-json\/wp\/v2\/comments?post=33691"}],"version-history":[{"count":0,"href":"https:\/\/linitiative.ca\/International\/wp-json\/wp\/v2\/posts\/33691\/revisions"}],"wp:attachment":[{"href":"https:\/\/linitiative.ca\/International\/wp-json\/wp\/v2\/media?parent=33691"}],"wp:term":[{"taxonomy":"category","embeddable":true,"href":"https:\/\/linitiative.ca\/International\/wp-json\/wp\/v2\/categories?post=33691"},{"taxonomy":"post_tag","embeddable":true,"href":"https:\/\/linitiative.ca\/International\/wp-json\/wp\/v2\/tags?post=33691"}],"curies":[{"name":"wp","href":"https:\/\/api.w.org\/{rel}","templated":true}]}}