{"id":33692,"date":"2019-05-11T12:07:05","date_gmt":"2019-05-11T16:07:05","guid":{"rendered":"https:\/\/linitiative.ca\/International\/syndicat-national-des-magistrats-il-nest-pas-possible-de-parler-de-justice-independante\/"},"modified":"2019-05-11T12:07:05","modified_gmt":"2019-05-11T16:07:05","slug":"syndicat-national-des-magistrats-il-nest-pas-possible-de-parler-de-justice-independante","status":"publish","type":"post","link":"https:\/\/linitiative.ca\/International\/syndicat-national-des-magistrats-il-nest-pas-possible-de-parler-de-justice-independante\/","title":{"rendered":"Syndicat national des magistrats : \u00ab Il n\u2019est pas possible de parler de justice ind\u00e9pendante \u2026\u00bb"},"content":{"rendered":"<p>Au centre de la guerre sans merci que se livrent les clans au pouvoir, le Syndicat national des magistrats (SNM) a d\u00e9cid\u00e9, enfin, de rompre le silence.<\/p>\n<p>Dans un communiqu\u00e9 rendu public, aujourd\u2019hui samedi, \u00e0 l\u2019issue de la r\u00e9union de son bureau ex\u00e9cutif, tenue apr\u00e8s le renouvellement total de ses structures, le SNM a reconnu -ce que tout le monde savait d\u00e9j\u00e0- que la justice alg\u00e9rienne n\u2019est pas ind\u00e9pendante.<\/p>\n<p>Le SNM, habituellement trop r\u00e9serv\u00e9, a affirm\u00e9 qu\u2019\u00ab\u00a0il n\u2019est pas possible de parler de justice ind\u00e9pendante jouissant de la protection, sous les lois et les structures actuelles\u00a0qui organisent le parcours professionnel du juge et qui ont prouv\u00e9 leur inutilit\u00e9 \u00bb. C\u2019est pour cela, ajoute le communiqu\u00e9 qui s\u2019adresse \u00e0 l\u2019opinion publique, \u00ab\u00a0Appeler \u00e0 la libert\u00e9 d\u2019une Alg\u00e9rie nouvelle exige d\u2019appeler \u00e0 la libert\u00e9 et \u00e0 l\u2019ind\u00e9pendance de la justice afin de la d\u00e9barrasser de tous les obstacles mat\u00e9riels et humains.\u00a0\u00bb<\/p>\n<p>Ind\u00e9pendamment de cet aveu de \u00ab\u00a0d\u00e9pendance\u00a0\u00bb, le syndicat des magistrats a tenu \u00e0 \u00ab\u00a0r\u00e9cuser les accusations visant le secteur de la justice et ses hommes, de la part de parties officielles et non officielles qui cultivent des clich\u00e9s, selon lesquels, les magistrats n\u2019agissent que suite \u00e0 des instructions\u00a0\u00bb. Il a affirm\u00e9 en ce sens que \u00ab\u00a0les magistrats refusent qu\u2019on les traite comme un appareil qui fonctionne avec les ordres et les convocations et restent attach\u00e9s \u00e0 leur droit constitutionnel, revendiqu\u00e9 par le peuple, et qu\u2019ils (les magistrats) constituent un pouvoir ind\u00e9pendant\u00a0qui exerce ses missions dans le respect des principes de la l\u00e9gitimit\u00e9 et de l\u2019\u00e9galit\u00e9 (\u2026)\u00a0\u00bb.<\/p>\n<p><img class=\"alignnone size-medium wp-image-577934 c1\" data-cfsrc=\"https:\/\/www.elwatan.com\/wp-content\/uploads\/2019\/05\/SNM-210x300.jpg\" alt=\"\" width=\"210\" height=\"300\" srcset=\"https:\/\/www.elwatan.com\/wp-content\/uploads\/2019\/05\/SNM-210x300.jpg 210w, https:\/\/www.elwatan.com\/wp-content\/uploads\/2019\/05\/SNM.jpg 449w\" sizes=\"(max-width: 210px) 100vw, 210px\"\/><\/p>\n<p><noscript><\/p>\n<p><img loading=\"lazy\" decoding=\"async\" class=\"alignnone size-medium wp-image-577934\" src=\"https:\/\/www.elwatan.com\/wp-content\/uploads\/2019\/05\/SNM-210x300.jpg\" alt=\"\" width=\"210\" height=\"300\" srcset=\"https:\/\/www.elwatan.com\/wp-content\/uploads\/2019\/05\/SNM-210x300.jpg 210w, https:\/\/www.elwatan.com\/wp-content\/uploads\/2019\/05\/SNM.jpg 449w\" sizes=\"auto, (max-width: 210px) 100vw, 210px\"\/><\/p>\n<p><\/noscript><\/p>\n<p>Le syndicat a expliqu\u00e9 que \u00ab\u00a0La protection de la justice et des magistrats ne peut venir d\u2019aucune partie en dehors du pouvoir judiciaire, et ne peut \u00eatre concr\u00e9tis\u00e9e que par un ensemble de mesures qui consacre l\u2019ind\u00e9pendance de la justice, \u00e0 travers la r\u00e9vision des lois\u00a0\u00bb.<\/p>\n<p>Le SNM, dirig\u00e9 par <a href=\"https:\/\/www.elwatan.com\/edition\/actualite\/issaad-mebrouk-nouveau-president-du-syndicat-national-des-magistrats-27-04-2019\">Iss\u00e2ad Mebrouk<\/a> depuis avril dernier, n\u2019a pas manqu\u00e9 de mettre en garde ceux qui voudraient porter atteinte \u00e0 l\u2019ind\u00e9pendance de la justice. \u00ab\u00a0Le syndicat travaillera pour donner aux juges les fondements mat\u00e9riels et moraux\u00a0 devant leur permettre de faire face \u00e0 ceux qui tenteraient de porter atteinte \u00e0 leur ind\u00e9pendance\u00a0\u00bb, lit-on dans le communiqu\u00e9.<\/p>\n<p>Il faut signaler enfin que la sortie du Syndicat des magistrats survient en pleine pol\u00e9mique autour des <a href=\"https:\/\/www.elwatan.com\/edition\/actualite\/incarceration-de-louisa-hanoune-secretaire-generale-du-pt-peut-on-la-mettre-en-prison-pour-des-actes-politiques-11-05-2019\">poursuites judiciaires<\/a> engag\u00e9es contre des hommes d\u2019affaires et d\u2019<a href=\"https:\/\/www.elwatan.com\/edition\/actualite\/said-bouteflika-et-les-generaux-mediene-et-tartag-risquent-la-peine-de-mort-07-05-2019\">anciens responsables<\/a>.<\/p>\n<div class=\"yuzo_related_post style-1\" data-version=\"5.12.88\">\n<p><h3>Related Post<\/h3>\n<\/p>\n<div class=\"yuzo_wraps\">\n<div class=\"relatedthumb relatedpost-303164 c10\"><a href=\"https:\/\/www.elwatan.com\/edition\/actualite\/le-coordinateur-du-mouvement-des-chomeurs-nawfel-chekaoui-denonce-une-cabale-judiciaire-09-12-2018\"\/><\/p>\n<p><span class=\"yuzo__text--title c9\">Le coordinateur du mouvement des ch\u00f4meurs, Nawfel &#8230;<\/span><\/div>\n<div class=\"relatedthumb relatedpost-152994 c10\"><a href=\"https:\/\/www.elwatan.com\/edition\/economie\/les-entraves-faites-aux-poursuites-judiciaires-constituent-des-obstacles-a-la-bataille-engagee-contre-le-blanchiment-dargent-01-10-2018\"\/><\/p>\n<p><span class=\"yuzo__text--title c9\">\u00abLes entraves faites aux poursuites judiciaires co&#8230;<\/span><\/div>\n<div class=\"relatedthumb relatedpost-575418 c10\"><a href=\"https:\/\/www.elwatan.com\/edition\/actualite\/issaad-mebrouk-nouveau-president-du-syndicat-national-des-magistrats-27-04-2019\"\/><\/p>\n<p><span class=\"yuzo__text--title c9\">Issa\u00e2d Mebrouk nouveau pr\u00e9sident du Syndicat natio&#8230;<\/span><\/div>\n<div class=\"relatedthumb relatedpost-148976 c10\"><a href=\"https:\/\/www.elwatan.com\/edition\/actualite\/le-wali-de-tiaret-attaque-en-justice-un-facebookeur-qui-derange-11-09-2018\"\/><\/p>\n<p><span class=\"yuzo__text--title c9\">Le wali de Tiaret attaque en justice un facebookeu&#8230;<\/span><\/div>\n<\/div>\n<\/div>\n<p><span class=\"post-views-label\">Post Views:<\/span> <span class=\"post-views-count\">2\u00a0330<\/span><\/p>\n<p>Auteur: Farouk Djouadi<br \/>\n<a href=\"https:\/\/www.elwatan.com\/edition\/actualite\/syndicat-national-des-magistrats-il-nest-pas-possible-de-parler-de-justice-independante-11-05-2019\">Cliquez ici pour lire l&rsquo;article depuis sa source.<\/a><\/p>\n","protected":false},"excerpt":{"rendered":"<p>Au centre de la guerre sans merci que se livrent les clans au pouvoir, le Syndicat national des magistrats (SNM) a d\u00e9cid\u00e9, enfin, de rompre le silence. Dans un communiqu\u00e9 rendu public, aujourd\u2019hui samedi, \u00e0 l\u2019issue de la r\u00e9union de son bureau ex\u00e9cutif, tenue apr\u00e8s le renouvellement total de ses structures, le SNM a reconnu [&hellip;]<\/p>\n","protected":false},"author":1743,"featured_media":33693,"comment_status":"closed","ping_status":"closed","sticky":false,"template":"","format":"standard","meta":{"fifu_image_url":"","fifu_image_alt":"","footnotes":""},"categories":[73,53],"tags":[],"class_list":["post-33692","post","type-post","status-publish","format-standard","has-post-thumbnail","hentry","category-actualite","category-algerie"],"_links":{"self":[{"href":"https:\/\/linitiative.ca\/International\/wp-json\/wp\/v2\/posts\/33692","targetHints":{"allow":["GET"]}}],"collection":[{"href":"https:\/\/linitiative.ca\/International\/wp-json\/wp\/v2\/posts"}],"about":[{"href":"https:\/\/linitiative.ca\/International\/wp-json\/wp\/v2\/types\/post"}],"author":[{"embeddable":true,"href":"https:\/\/linitiative.ca\/International\/wp-json\/wp\/v2\/users\/1743"}],"replies":[{"embeddable":true,"href":"https:\/\/linitiative.ca\/International\/wp-json\/wp\/v2\/comments?post=33692"}],"version-history":[{"count":0,"href":"https:\/\/linitiative.ca\/International\/wp-json\/wp\/v2\/posts\/33692\/revisions"}],"wp:featuredmedia":[{"embeddable":true,"href":"https:\/\/linitiative.ca\/International\/wp-json\/"}],"wp:attachment":[{"href":"https:\/\/linitiative.ca\/International\/wp-json\/wp\/v2\/media?parent=33692"}],"wp:term":[{"taxonomy":"category","embeddable":true,"href":"https:\/\/linitiative.ca\/International\/wp-json\/wp\/v2\/categories?post=33692"},{"taxonomy":"post_tag","embeddable":true,"href":"https:\/\/linitiative.ca\/International\/wp-json\/wp\/v2\/tags?post=33692"}],"curies":[{"name":"wp","href":"https:\/\/api.w.org\/{rel}","templated":true}]}}