{"id":33695,"date":"2019-05-11T16:18:14","date_gmt":"2019-05-11T20:18:14","guid":{"rendered":"https:\/\/linitiative.ca\/International\/coupe-dalgerie-de-football-la-finale-aura-lieu-apres-le-ramadan\/"},"modified":"2019-05-11T16:18:14","modified_gmt":"2019-05-11T20:18:14","slug":"coupe-dalgerie-de-football-la-finale-aura-lieu-apres-le-ramadan","status":"publish","type":"post","link":"https:\/\/linitiative.ca\/International\/coupe-dalgerie-de-football-la-finale-aura-lieu-apres-le-ramadan\/","title":{"rendered":"Coupe d\u2019Alg\u00e9rie de football : la finale aura lieu apr\u00e8s le Ramadan"},"content":{"rendered":"<p>La finale de la coupe d\u2019Alg\u00e9rie\u00a0de football seniors 2019, qui mettra\u00a0 aux prises le CR Belouizdad et la JSM B\u00e9jaia, se tiendra officiellement\u00a0 juste apr\u00e8s le mois sacr\u00e9 du Ramadan, selon nos informations.<\/p>\n<p>Le stade qui accueillera cette rencontre\u00a0 2019 sera connu\u00a0 ces jours-ci. Mais tout\u00a0 laisse croire\u00a0 que la finale pourrait se d\u00e9rouler soit au stade Mustapha Tchaker de Blida ou au niveau du stade 5 juillet \u00e0 Alger. <strong>Chafik B<\/strong><\/p>\n<div class=\"yuzo_related_post style-1\" data-version=\"5.12.88\">\n<p><h3>Related Post<\/h3>\n<\/p>\n<div class=\"yuzo_wraps\">\n<div class=\"relatedthumb relatedpost-145507 c12\"><a href=\"https:\/\/www.elwatan.com\/edition\/sports\/lusma-et-lasam-en-tete-25-08-2018\"\/><\/p>\n<p><span class=\"yuzo__text--title c11\">Ligue 1 \u2013 2e journ\u00e9e : L\u2019USMA et l\u2019ASAM en t\u00eate&#8230;<\/span><\/div>\n<div class=\"relatedthumb relatedpost-330511 c12\"><a href=\"https:\/\/www.elwatan.com\/edition\/sports\/reunion-du-bureau-federal-de-la-faf-le-pv-publie-17-jours-plus-tard-16-12-2018\"\/><\/p>\n<p><span class=\"yuzo__text--title c11\">R\u00e9union du Bureau F\u00e9d\u00e9ral de la FAF : Le PV publi\u00e9&#8230;<\/span><\/div>\n<div class=\"relatedthumb relatedpost-161066 c12\"><a href=\"https:\/\/www.elwatan.com\/edition\/sports\/lalmas-au-top-10-des-icones-oubliees-du-foot-africain-16-11-2018\"\/><\/p>\n<p><span class=\"yuzo__text--title c11\">Lalmas au Top 10 des ic\u00f4nes oubli\u00e9es du foot afric&#8230;<\/span><\/div>\n<div class=\"relatedthumb relatedpost-159264 c12\"><a href=\"https:\/\/www.elwatan.com\/edition\/sports\/football-mellal-doit-assumer-les-consequences-de-ses-propos-05-11-2018\"\/><\/p>\n<p><span class=\"yuzo__text--title c11\">Football: \u201dMellal doit assumer les cons\u00e9quen&#8230;<\/span><\/div>\n<\/div>\n<\/div>\n<p><span class=\"post-views-label\">Post Views:<\/span> <span class=\"post-views-count\">0<\/span><\/p>\n<p>Auteur: Farouk Djouadi<br \/>\n<a href=\"https:\/\/www.elwatan.com\/edition\/sports\/coupe-dalgerie-de-football-la-finale-aura-lieu-apres-le-ramadan-11-05-2019\">Cliquez ici pour lire l&rsquo;article depuis sa source.<\/a><\/p>\n","protected":false},"excerpt":{"rendered":"<p>La finale de la coupe d\u2019Alg\u00e9rie\u00a0de football seniors 2019, qui mettra\u00a0 aux prises le CR Belouizdad et la JSM B\u00e9jaia, se tiendra officiellement\u00a0 juste apr\u00e8s le mois sacr\u00e9 du Ramadan, selon nos informations. Le stade qui accueillera cette rencontre\u00a0 2019 sera connu\u00a0 ces jours-ci. Mais tout\u00a0 laisse croire\u00a0 que la finale pourrait se d\u00e9rouler soit [&hellip;]<\/p>\n","protected":false},"author":1743,"featured_media":0,"comment_status":"closed","ping_status":"closed","sticky":false,"template":"","format":"standard","meta":{"fifu_image_url":"","fifu_image_alt":"","footnotes":""},"categories":[73,53],"tags":[],"class_list":["post-33695","post","type-post","status-publish","format-standard","hentry","category-actualite","category-algerie"],"_links":{"self":[{"href":"https:\/\/linitiative.ca\/International\/wp-json\/wp\/v2\/posts\/33695","targetHints":{"allow":["GET"]}}],"collection":[{"href":"https:\/\/linitiative.ca\/International\/wp-json\/wp\/v2\/posts"}],"about":[{"href":"https:\/\/linitiative.ca\/International\/wp-json\/wp\/v2\/types\/post"}],"author":[{"embeddable":true,"href":"https:\/\/linitiative.ca\/International\/wp-json\/wp\/v2\/users\/1743"}],"replies":[{"embeddable":true,"href":"https:\/\/linitiative.ca\/International\/wp-json\/wp\/v2\/comments?post=33695"}],"version-history":[{"count":0,"href":"https:\/\/linitiative.ca\/International\/wp-json\/wp\/v2\/posts\/33695\/revisions"}],"wp:attachment":[{"href":"https:\/\/linitiative.ca\/International\/wp-json\/wp\/v2\/media?parent=33695"}],"wp:term":[{"taxonomy":"category","embeddable":true,"href":"https:\/\/linitiative.ca\/International\/wp-json\/wp\/v2\/categories?post=33695"},{"taxonomy":"post_tag","embeddable":true,"href":"https:\/\/linitiative.ca\/International\/wp-json\/wp\/v2\/tags?post=33695"}],"curies":[{"name":"wp","href":"https:\/\/api.w.org\/{rel}","templated":true}]}}