{"id":33701,"date":"2019-05-11T09:08:00","date_gmt":"2019-05-11T13:08:00","guid":{"rendered":"https:\/\/linitiative.ca\/International\/un-joyau-archeologique-decouvert-entre-dgueche-et-tozeur\/"},"modified":"2019-05-11T09:08:00","modified_gmt":"2019-05-11T13:08:00","slug":"un-joyau-archeologique-decouvert-entre-dgueche-et-tozeur","status":"publish","type":"post","link":"https:\/\/linitiative.ca\/International\/un-joyau-archeologique-decouvert-entre-dgueche-et-tozeur\/","title":{"rendered":"Un joyau arch\u00e9ologique d\u00e9couvert entre Dgueche et Tozeur"},"content":{"rendered":"<p>G\u00e9n\u00e9reuse Tunisie, terre de patrimoine \u00e0 ce jour non totalement r\u00e9v\u00e9l\u00e9. De nouveaux sites arch\u00e9ologiques sont sans cesse d\u00e9couverts, comme cette \u00e9glise chr\u00e9tienne dans le J\u00e9rid. Sur son site \u00ab\u00a0<a href=\"http:\/\/archeologiechretienne.ive.org\/?p=824\" target=\"_blank\" rel=\"noopener noreferrer\">Arch\u00e9ologie et art chr\u00e9tien Afrique du Nord\u00a0<\/a>\u00bb, le P\u00e8re Silvio Moreno, IVE, argentin, \u00e9tabli en Tunisie depuis 2010, fait part d\u2019un \u00e9difice enseveli dans le sable, r\u00e9cemment pris en charge par le minist\u00e8re de la Culture.<\/p>\n<p><img loading=\"lazy\" decoding=\"async\" src=\"\/uploads\/FCK_files\/Eglise2.jpg\" width=\"700\" vspace=\"5\" align=\"middle\" hspace=\"5\" height=\"394\" alt=\"\"\/><\/p>\n<p>En l\u2019an 2000 ont \u00e9t\u00e9 d\u00e9couvertes par hasard, entre les localit\u00e9s de Dgueche et Tozeur, pr\u00e8s de la route, des petites ruines romaines dont rien ne laissait supposer l\u2019existence. Tout de suite a \u00e9t\u00e9 inform\u00e9 l\u2019Institut National du Patrimoine, qui classa l\u2019espace, mais le lieu ne sera fouill\u00e9 qu\u2019en 2017 par des chercheurs de l\u2019INP. Dans un premier temps, les chercheurs n\u2019ont pas pu d\u00e9finir la nature de l\u2019\u00e9difice. Il \u00e9tait enseveli dans le sable. C\u2019est seulement lors d\u2019une deuxi\u00e8me mission arch\u00e9ologique, en f\u00e9vrier 2018, qu\u2019on s\u2019apercevra \u00eatre face \u00e0 un joyau pal\u00e9ochr\u00e9tien\u00a0: une \u00e9glise rurale enti\u00e8rement conserv\u00e9e.<\/p>\n<p>J\u2019ai particip\u00e9 \u00e0 une partie de la troisi\u00e8me mission arch\u00e9ologique, en f\u00e9vrier 2019, invit\u00e9 par les chercheurs de l\u2019INP. Il s\u2019agit donc d\u2019une toute petite \u00e9glise (3m de hauteur des murs, sans compter les possibles vo\u00fbtes et la toiture, et 15,50 de largeur au niveau de la nef centrale. Par la c\u00e9ramique (quelques lampes \u00e0 l\u2019huile) et les monnaies que les arch\u00e9ologues y ont trouv\u00e9es (les fouilles sont encore en cours), cette \u00e9glise daterait, \u00e0 peu pr\u00e8s du V\u00e8me\u00a0si\u00e8cle.<\/p>\n<p>Son architecture pal\u00e9ochr\u00e9tienne est typique d\u2019Afrique du Nord, avec des caract\u00e9ristiques vraiment particuli\u00e8res, notamment au niveau de la qualit\u00e9 de sa conservation. Sur l\u2019ensemble du monument on constate aussi une totale absence de mosa\u00efques. A-t-elle \u00e9t\u00e9, peut-\u00eatre, abandonn\u00e9e avant la p\u00e9riode byzantine\u00a0? Sa position g\u00e9ographique et le manque de sources \u00e9pigraphiques ne nous permet pas pour l\u2019instant de pouvoir la rattacher \u00e0 une ville ou d\u2019en savoir plus sur son historique.<\/p>\n<p>Puisque les fouilles autour de l\u2019\u00e9glise se poursuivent, il faut encore patienter pour avoir une meilleure compr\u00e9hension du site. Les notices prosopographiques de l\u2019Afrique du Nord \u00e0 cette \u00e9poque ne mentionnent pas de si\u00e8ge \u00e9piscopal \u00e0 cet endroit pr\u00e9cis. Au moins deux hypoth\u00e8ses se pr\u00e9sentent\u00a0: ou bien il s\u2019agit d\u2019une simple \u00e9glise rurale faisant partie d\u2019un quartier appartenant \u00e0 la ville et au si\u00e8ge \u00e9piscopal de\u00a0Thusurus\u00a0(Tozeur), ou bien il s\u2019agirait une petite \u00e9glise faisant partie d\u2019un monast\u00e8re appartenant toujours \u00e0 l\u2019\u00e9v\u00each\u00e9 de Tozeur. Il faut savoir qu\u2019au sud, les communaut\u00e9s monastiques ont pers\u00e9v\u00e9r\u00e9 m\u00eame apr\u00e8s l\u2019arriv\u00e9e des arabes.<\/p>\n<p><strong>P. Silvio MORENO, ive<\/strong><\/p>\n<p><span class=\"c2\"><em>Le P\u00e8re Silvio Gaston Moreno, IVE, argentin, et religieux deErreur\u00a0! La r\u00e9f\u00e9rence de lien hypertexte est incorrecte., a \u00e9t\u00e9 ordonn\u00e9 pr\u00eatre en 2005. En mars 2010 a \u00e9t\u00e9 envoy\u00e9 en mission \u00e0 Tunis comme vicaire de la Cath\u00e9drale Saint Vincent de Paul et Sainte Olive. Depuis 2011 il \u00e9tudie l\u2019arch\u00e9ologie et l&rsquo;art chr\u00e9tien en Afrique du Nord, particuli\u00e8rement \u00e0 Carthage. En 2013 il a publi\u00e9 son premier ouvrage: \u00ab\u00a0Carthage \u00e9ternelle, un p\u00e8lerinage aux ruines chr\u00e9tiennes de Carthage\u00a0\u00bb, en 2014 \u00ab\u00a0L\u2019Arch\u00e9ologie et l&rsquo;Art chr\u00e9tien, le mus\u00e9e du Bardo en Tunisie\u00a0\u00bb, en 2015 \u00ab\u00a0Los simbolos eucaristicos de Cartago\u00a0\u00bb et en 2016 \u00ab\u00a0Notre Dame de Carthage, arch\u00e9ologie, histoire et d\u00e9votion\u00a0\u00bb<br \/><\/em><\/span><\/p>\n<p>Auteur:<br \/>\n<a href=\"https:\/\/www.leaders.com.tn\/article\/27096-un-joyau-archeologique-decouvert-entre-dgueche-et-tozeur\">Cliquez ici pour lire l&rsquo;article depuis sa source.<\/a><\/p>\n","protected":false},"excerpt":{"rendered":"<p>G\u00e9n\u00e9reuse Tunisie, terre de patrimoine \u00e0 ce jour non totalement r\u00e9v\u00e9l\u00e9. De nouveaux sites arch\u00e9ologiques sont sans cesse d\u00e9couverts, comme cette \u00e9glise chr\u00e9tienne dans le J\u00e9rid. Sur son site \u00ab\u00a0Arch\u00e9ologie et art chr\u00e9tien Afrique du Nord\u00a0\u00bb, le P\u00e8re Silvio Moreno, IVE, argentin, \u00e9tabli en Tunisie depuis 2010, fait part d\u2019un \u00e9difice enseveli dans le sable, [&hellip;]<\/p>\n","protected":false},"author":1772,"featured_media":33702,"comment_status":"closed","ping_status":"closed","sticky":false,"template":"","format":"standard","meta":{"fifu_image_url":"","fifu_image_alt":"","footnotes":""},"categories":[73,55],"tags":[],"class_list":["post-33701","post","type-post","status-publish","format-standard","has-post-thumbnail","hentry","category-actualite","category-tunisie"],"_links":{"self":[{"href":"https:\/\/linitiative.ca\/International\/wp-json\/wp\/v2\/posts\/33701","targetHints":{"allow":["GET"]}}],"collection":[{"href":"https:\/\/linitiative.ca\/International\/wp-json\/wp\/v2\/posts"}],"about":[{"href":"https:\/\/linitiative.ca\/International\/wp-json\/wp\/v2\/types\/post"}],"author":[{"embeddable":true,"href":"https:\/\/linitiative.ca\/International\/wp-json\/wp\/v2\/users\/1772"}],"replies":[{"embeddable":true,"href":"https:\/\/linitiative.ca\/International\/wp-json\/wp\/v2\/comments?post=33701"}],"version-history":[{"count":0,"href":"https:\/\/linitiative.ca\/International\/wp-json\/wp\/v2\/posts\/33701\/revisions"}],"wp:featuredmedia":[{"embeddable":true,"href":"https:\/\/linitiative.ca\/International\/wp-json\/"}],"wp:attachment":[{"href":"https:\/\/linitiative.ca\/International\/wp-json\/wp\/v2\/media?parent=33701"}],"wp:term":[{"taxonomy":"category","embeddable":true,"href":"https:\/\/linitiative.ca\/International\/wp-json\/wp\/v2\/categories?post=33701"},{"taxonomy":"post_tag","embeddable":true,"href":"https:\/\/linitiative.ca\/International\/wp-json\/wp\/v2\/tags?post=33701"}],"curies":[{"name":"wp","href":"https:\/\/api.w.org\/{rel}","templated":true}]}}