{"id":33704,"date":"2019-05-11T06:00:00","date_gmt":"2019-05-11T10:00:00","guid":{"rendered":"https:\/\/linitiative.ca\/International\/un-ramadhan-pas-comme-les-autres\/"},"modified":"2019-05-11T06:00:00","modified_gmt":"2019-05-11T10:00:00","slug":"un-ramadhan-pas-comme-les-autres","status":"publish","type":"post","link":"https:\/\/linitiative.ca\/International\/un-ramadhan-pas-comme-les-autres\/","title":{"rendered":"Un Ramadhan pas comme les autres"},"content":{"rendered":"<p>Ramadhan est l\u00e0. Cette ann\u00e9e, il intervient dans un contexte tr\u00e8s particulier.\u00a0<br \/>La politique a pris le dessus sur la vie sociale. Comment les Alg\u00e9riens vivent-ils les premiers jours de je\u00fbne ? Sont-ils dans le m\u00eame \u00e9tat d\u2019esprit que les ann\u00e9es pr\u00e9c\u00e9dentes ? T\u00e9moignages.<\/p>\n<p><strong>Manel, 39 ans<\/strong><br \/>\u00abCette ann\u00e9e, je dois avouer que je n\u2019ai pas senti \u2018\u2018rihet Ramadhan\u2019\u2019. D\u2019habitude, il y a une ambiance particuli\u00e8re qui s\u2019installe durant les jours qui pr\u00e9c\u00e8dent son arriv\u00e9e. Les odeurs, les pr\u00e9paratifs, la f\u00e9brilit\u00e9 des citoyens. Tout a \u00e9t\u00e9 diff\u00e9rent. Autour de moi, les gens ne parlent que de politique. Les arrestations spectaculaires auxquelles nous assistons monopolisent les discussions. La politique a pris le dessus sur le c\u00f4t\u00e9 spirituel. Les interrogations sur la tournure que prendra le Hirak durant ce mois sacr\u00e9 sont au c\u0153ur des conversations. D\u2019habitude, nous cherchons des programmes festifs pour meubler nos soir\u00e9es de Ramadhan. Cette ann\u00e9e, nous pensons aux slogans \u00e0 inscrire sur les pancartes de nos marches. Ce Ramadhan est incontestablement celui des revendications et de la poursuite de notre r\u00e9volution.\u00bb\u00a0<\/p>\n<p><strong>Issam, 45 ans<\/strong><br \/>L\u2019ambiance de ce Ramadhan est tr\u00e8s particuli\u00e8re. Nous sommes dans un autre \u00e9tat d\u2019esprit. Hasard du calendrier, le mois sacr\u00e9 nous a trouv\u00e9s en pleine r\u00e9volution. Le gouvernement pensait que la mobilisation allait faiblir et qu\u2019il allait tranquillement appliquer sa feuille de route. Mais il y a comme un foss\u00e9 entre le discours politique et la volont\u00e9 du peuple.\u00a0<br \/>Les gens parlent moins des prix des fruits et l\u00e9gumes, m\u00eame si, comme chaque Ramadhan, les commer\u00e7ants s\u2019adonnent \u00e0 la sp\u00e9culation. Nous sommes plus pr\u00e9occup\u00e9s par la situation de notre pays que par notre tube digestif ! Que va-t-il se passer dans les semaines \u00e0 venir ? Les \u00e9lections se tiendront-elles le 4 juillet prochain ? Qui sera le prochain pr\u00e9sident ? Ce Ramadhan 2019 a vraiment une autre couleur. Nous vivons des moments historiques. Attendons de voir ce qui va se passer !\u00bb<\/p>\n<p><strong>Houda, 43 ans<\/strong><br \/>\u00abJe n\u2019ai pas eu envie d\u2019acheter une nouvelle nappe pour ce Ramadhan comme je le fais chaque ann\u00e9e ! Je n\u2019ai pas senti les effluves du mois sacr\u00e9. Ce que j\u2019ai vu par contre, c\u2019est la d\u00e9termination du peuple \u00e0 poursuivre le combat, co\u00fbte que co\u00fbte. Partout il y a des contestations, m\u00eame au sein des entreprises. La parole s\u2019est lib\u00e9r\u00e9e. Le peuple, qui a \u00e9t\u00e9 musel\u00e9 pendant plus de 20 ans, ne veut plus se laisser faire. Alors Ramadhan ou pas, le combat continue. Il y aura moins de soir\u00e9es culturelles. Les rues seront occup\u00e9es en soir\u00e9e pour des marches, des rassemblements pacifiques. Fini le c\u00f4t\u00e9 festif. Il faut instaurer un Etat de droit. C\u2019est la priorit\u00e9 du peuple tout en respectant l\u2019esprit de solidarit\u00e9 et de partage du mois sacr\u00e9 de Ramadhan.\u00bb\u00a0<\/p>\n<p><strong>Mohamed, 54 ans<\/strong><br \/>\u00abLe contexte de ce Ramadhan est tr\u00e8s diff\u00e9rent. Nous sommes loin des Ramadhan qui co\u00efncidaient avec les vacances d\u2019\u00e9t\u00e9 o\u00f9 les longues soir\u00e9es nous gardaient \u00e9veill\u00e9s. En ce mois de mai, les enfants vont \u00e0 l\u2019\u00e9cole et les gens travaillent. Finies donc les longues \u2018\u2018sahrat\u2019\u2019, exception faite pour le\u00a0 week-end. Le c\u00f4t\u00e9 festif n\u2019est plus de mise non plus. La situation politique que vit actuellement l\u2019Alg\u00e9rie est tr\u00e8s pr\u00e9occupante. L\u2019avenir de notre pays est en jeu. Le peuple est plus que jamais mobilis\u00e9. Ce Ramadhan ne ressemblera pas aux pr\u00e9c\u00e9dents. Il aura pour toile de fond la contestation. Je pense que Ramadhan 2019 fera date.\u00bb\u00a0<\/p>\n<p><strong>Nadia, 21 ans<\/strong><br \/>\u00abJe suis \u00e9tudiante et le Ramadhan de cette ann\u00e9e me trouve en pleine gr\u00e8ve ainsi que tous mes camarades de l\u2019Universit\u00e9 de Bab Ezzouar. Nous allons poursuivre notre mobilisation jusqu\u2019\u00e0 l\u2019aboutissement de nos revendications. Nous continuerons \u00e0 nous rassembler avec d\u2019autres \u00e9tudiants pour d\u00e9battre et \u00e9changer des id\u00e9es. Le Ramadhan est pass\u00e9 au second plan cette ann\u00e9e. Il n\u2019a pas la m\u00eame \u2018\u2018odeur\u2019\u2019.\u00bb Le politique cristallise toutes les attentions actuellement. Ce mois promet d\u2019\u00eatre riche en rebondissements. Dans ce contexte tr\u00e8s particulier, les d\u00e9bats politiques accrochent plus que les sketchs-chorba. Les citoyens ne comptent pas se faire voler leur r\u00e9volution. Ils s\u2019adaptent \u00e0 la situation. \u00abRamadhan ou pas, le combat continue\u00bb, scandent-ils \u00e0 l\u2019unisson.<\/p>\n<p>Auteur:<br \/>\n<a href=\"https:\/\/www.lesoirdalgerie.com\/le-soirmagazine\/un-ramadhan-pas-comme-les-autres-23618\">Cliquez ici pour lire l&rsquo;article depuis sa source.<\/a><\/p>\n","protected":false},"excerpt":{"rendered":"<p>Ramadhan est l\u00e0. Cette ann\u00e9e, il intervient dans un contexte tr\u00e8s particulier.\u00a0La politique a pris le dessus sur la vie sociale. Comment les Alg\u00e9riens vivent-ils les premiers jours de je\u00fbne ? Sont-ils dans le m\u00eame \u00e9tat d\u2019esprit que les ann\u00e9es pr\u00e9c\u00e9dentes ? T\u00e9moignages. Manel, 39 ans\u00abCette ann\u00e9e, je dois avouer que je n\u2019ai pas senti [&hellip;]<\/p>\n","protected":false},"author":1741,"featured_media":0,"comment_status":"closed","ping_status":"closed","sticky":false,"template":"","format":"standard","meta":{"fifu_image_url":"","fifu_image_alt":"","footnotes":""},"categories":[73,53],"tags":[],"class_list":["post-33704","post","type-post","status-publish","format-standard","hentry","category-actualite","category-algerie"],"_links":{"self":[{"href":"https:\/\/linitiative.ca\/International\/wp-json\/wp\/v2\/posts\/33704","targetHints":{"allow":["GET"]}}],"collection":[{"href":"https:\/\/linitiative.ca\/International\/wp-json\/wp\/v2\/posts"}],"about":[{"href":"https:\/\/linitiative.ca\/International\/wp-json\/wp\/v2\/types\/post"}],"author":[{"embeddable":true,"href":"https:\/\/linitiative.ca\/International\/wp-json\/wp\/v2\/users\/1741"}],"replies":[{"embeddable":true,"href":"https:\/\/linitiative.ca\/International\/wp-json\/wp\/v2\/comments?post=33704"}],"version-history":[{"count":0,"href":"https:\/\/linitiative.ca\/International\/wp-json\/wp\/v2\/posts\/33704\/revisions"}],"wp:attachment":[{"href":"https:\/\/linitiative.ca\/International\/wp-json\/wp\/v2\/media?parent=33704"}],"wp:term":[{"taxonomy":"category","embeddable":true,"href":"https:\/\/linitiative.ca\/International\/wp-json\/wp\/v2\/categories?post=33704"},{"taxonomy":"post_tag","embeddable":true,"href":"https:\/\/linitiative.ca\/International\/wp-json\/wp\/v2\/tags?post=33704"}],"curies":[{"name":"wp","href":"https:\/\/api.w.org\/{rel}","templated":true}]}}