{"id":33706,"date":"2019-05-11T06:00:00","date_gmt":"2019-05-11T10:00:00","guid":{"rendered":"https:\/\/linitiative.ca\/International\/le-hirak-a-lepreuve-du-careme-et-des-manoeuvres-politiques\/"},"modified":"2019-05-11T06:00:00","modified_gmt":"2019-05-11T10:00:00","slug":"le-hirak-a-lepreuve-du-careme-et-des-manoeuvres-politiques","status":"publish","type":"post","link":"https:\/\/linitiative.ca\/International\/le-hirak-a-lepreuve-du-careme-et-des-manoeuvres-politiques\/","title":{"rendered":"Le \u00abHirak\u00bb \u00e0 l\u2019\u00e9preuve du car\u00eame et des man\u0153uvres politiques"},"content":{"rendered":"<p class=\"c3\">Que vise au juste le bin\u00f4me Ga\u00efd Salah-Bensalah en d\u00e9cidant d\u2019un commun accord d\u2019imposer \u00e0 l\u2019insurrection citoyenne la \u00absolution\u00bb d\u2019une pr\u00e9sidentielle ficel\u00e9e dans la h\u00e2te alors qu\u2019eux-m\u00eames d\u00e9claraient auparavant qu\u2019ils \u00e9taient favorables \u00e0 l\u2019examen d\u2019autres approches susceptibles de faire l\u2019unanimit\u00e9 aupr\u00e8s de l\u2019opinion ? Difficile donc de suivre leur cheminement politique d\u2019autant plus qu\u2019ils firent peu cas du principe de la consultation pour laquelle plusieurs personnalit\u00e9s \u00e9taient dispos\u00e9es \u00e0 s\u2019associer afin de donner leurs avis et, pourquoi pas, d\u00e9gager un projet \u00e0 la mesure de l\u2019immense crise nationale. Rien de tout cela n\u2019a sembl\u00e9 convenir aussi bien \u00e0 l\u2019int\u00e9rimaire d\u2019El-Mouradia qu\u2019au puissant g\u00e9n\u00e9ralissime. Alors que l\u2019hostilit\u00e9 du mouvement national est bel et bien perceptible \u00e0 travers le rejet de ce bradage de rechange, l\u2019un comme l\u2019autre viennent de se succ\u00e9der pour accr\u00e9diter la m\u00eame th\u00e8se sans faire l\u2019effort de l\u2019accompagner d\u2019arguments clairs. Se contentant d\u2019ailleurs de recourir aux incantations habituelles, ils se d\u00e9douaneront \u00e0 travers une hom\u00e9lie pr\u00eachant \u00abla sauvegarde de la patrie devenue une proie id\u00e9ale\u00bb \u00e0 de fantomatiques ennemis.\u00a0<br \/>C\u2019est de la sorte pr\u00e9cis\u00e9ment que les Tagarins allaient plaider ce genre d\u2019\u00aburgences\u00bb par le biais de leurs communiqu\u00e9s. Dans le m\u00eame temps, le chef d\u2019\u00e9tat-major changera de ton afin de diffuser une mise en garde et un acte d\u2019accusation qualifiant les partisans de la transition de \u00abcomploteurs\u00bb, ni plus ni moins ! Un qualificatif violent et inattendu mettant fin au sens de la mesure \u00e0 travers lequel il s\u2019adressait, auparavant, \u00e0 l\u2019opinion. Loin de consolider l\u2019autorit\u00e9 acquise dans le r\u00f4le de \u00ab parrain de cette r\u00e9volution \u00bb, ne vient-il pas de jeter le trouble au sein de cette derni\u00e8re, laquelle commence \u00e0 nourrir des soup\u00e7ons \u00e0 son encontre ? Au moment o\u00f9 son faux alter ego qu\u2019est Bensalah continue \u00e0 subir le bruit des casseroles qu\u2019il tra\u00eene depuis toujours, ce g\u00e9n\u00e9ral-l\u00e0 semblait mieux nanti en termes de cr\u00e9dibilit\u00e9. Du moins donnait-il l\u2019impression de s\u2019\u00eatre amend\u00e9 de ses connivences du pass\u00e9 d\u00e8s l\u2019instant o\u00f9 il d\u00e9cida de se mettre du c\u00f4t\u00e9 de la barricade du peuple. Sans doute, expliquera-t-on, son revirement n\u2019a \u00e9t\u00e9 dict\u00e9 que par le seul souci de prioriser la stabilit\u00e9 quitte \u00e0 ce que celle-ci puisse valoir au pays la malheureuse infortune de renouer \u00e0 nouveau avec les coutumes politiques du pr\u00e9sent. Se souciant si peu de l\u2019avenir, comme on le suppose, il ne pouvait que rel\u00e9guer aux calendes grecques le mirage d\u2019une seconde R\u00e9publique dont r\u00eavent, en marchant depuis douze semaines, des millions de compatriotes. Autrement dit, il laisse entendre que l\u2019arm\u00e9e telle qu\u2019elle est format\u00e9e actuellement, n\u2019a pas pour mission d\u2019inventer l\u2019avenir mais de pr\u00e9server, dans le meilleur des cas, le pr\u00e9sent. Celui entre autres d\u2019habiller politiquement les institutions et de faciliter techniquement la promotion aux postes de responsabilit\u00e9. C\u2019est ainsi qu\u2019il d\u00e9sire mettre son autorit\u00e9 au service du formalisme constitutionnel. Ce qui, d\u2019un certain point de vue, est tout \u00e0 fait conforme au r\u00f4le du soldat r\u00e9publicain qu\u2019il est. Et c\u2019est \u00e0 cause de cette \u00e9quation oubli\u00e9e que naquit l\u2019actuel quiproquo qui risque d\u2019\u00e9loigner du bras arm\u00e9 de la R\u00e9publique, un peuple mature souhaitant r\u00e9inventer un pays \u00e0 la hauteur de ses ambitions. Autant admettre que ce n\u2019\u00e9tait pas \u00e0 un soldat qu\u2019il fallait s\u2019adresser pour forcer les portes de l\u2019avenir mais \u00e0 rester vigilant jusqu\u2019\u00e0 la date-butoir du 4 juillet quand enfin les urnes s\u2019av\u00e9reront inutiles !<br \/>En attendant, comment faire pour habiter ce beau songe tout en je\u00fbnant quatre semaines sans discontinuer ? A mi-chemin de l\u2019\u00e9pilogue du 4 juillet, ne faudra-t-il pas aux centaines de milliers d\u2019insurg\u00e9s de ruser avec les injonctions du Ramadhan et le devoir d\u2019abstinence que la spiritualit\u00e9 exige ? Dure \u00e9preuve que l\u2019on feint de respecter facilement alors qu\u2019il n\u2019en est rien. Car il n\u2019est pas tout \u00e0 fait vrai que chaque Ramadhan est accueilli avec la m\u00eame ferveur qui lui est pr\u00eat\u00e9e.<br \/>Terre accabl\u00e9e par le ressentiment \u00e0 l\u2019encontre de l\u2019hypocrisie de l\u2019Etat qui ne sut pas prot\u00e9ger la paisible spiritualit\u00e9 des anc\u00eatres, n\u2019a-t-on pas fini par cultiver un rapport ambigu avec la religion toutes les fois o\u00f9 celle-ci devient un pr\u00e9texte politique ? Synth\u00e8se parfaite des outrances de la politique lorsqu\u2019elle s\u2019incruste dans la sph\u00e8re priv\u00e9e, elle devient alors une insupportable loque morale. Accoucheuse de ce marais de pi\u00e9tisme gr\u00e9gaire ayant investi les mosqu\u00e9es, elle fut aussit\u00f4t assimil\u00e9e \u00e0 un refuge pour entretenir un stupide mim\u00e9tisme au lieu de demeurer une retraite consacr\u00e9e \u00e0 la m\u00e9ditation. Bref, l\u2019on \u00ab inventa \u00bb une religiosit\u00e9 sans foi r\u00e9duite aux rites r\u00e9p\u00e9titifs qui, \u00e0 leur tour, devinrent un exercice quasi-pavlovien sans support spirituel. Telle est la mis\u00e8re morale de la soci\u00e9t\u00e9 qui sombra dans la clochardisation tant il est vrai que, d\u2019une ann\u00e9e \u00e0 l\u2019autre, le d\u00e9nuement s\u2019\u00e9tait accru au moment o\u00f9 les mosqu\u00e9es se multipliaient et que l\u2019Etat fit du principe de la charit\u00e9 la philosophie de sa justice sociale. Un d\u00e9voiement mortif\u00e8re du caract\u00e8re m\u00e9ditatif de l\u2019abstinence qui fut tout \u00e0 fait d\u00e9sacralis\u00e9 autour de la jeune g\u00e9n\u00e9ration : cette humanit\u00e9 fragile qui, au fin fond de ses troubles et ses frustrations, appr\u00e9hende ce mois comme celui du calvaire.<br \/>Rideau donc sur la bienfaisance politico-religieuse mais gros plan sur la haute solitude de la mis\u00e8re. C\u2019est pr\u00e9cis\u00e9ment de cette injustice que les petites gens sont conscientes, elles qui ne s\u2019abusent gu\u00e8re sur les motivations cach\u00e9es que suscite la charit\u00e9 occasionnelle. Celle de la sollicitude tapageuse des Ramadhans de chaque ann\u00e9e, laquelle r\u00e9v\u00e8le toujours l\u2019odieuse th\u00e9\u00e2tralit\u00e9 de l\u2019entraide. Ce sont justement les accabl\u00e9s de la pauvret\u00e9 qui se demandent pourquoi il existe des saisons de solidarit\u00e9 et de longs mois de famine. De la m\u00eame mani\u00e8re, elles ne cessent de scruter avec l\u2019inqui\u00e9tude que l\u2019on devine la ligne d\u2019horizon de ce pays o\u00f9 grossit, au fil des ans, la cohorte des mis\u00e9reux.\u00a0<br \/>Ce sont l\u00e0, r\u00e9sum\u00e9es, les angoisses des lendemains d\u2019un Ramadhan quand la privation forc\u00e9e impose son emprise \u00e0 la place de l\u2019abstinence sacr\u00e9e dont les tartuffes en avaient fait\u00a0 l\u2019antichambre d\u2019un paradis fantasm\u00e9. Sauf qu\u2019en cet an de gr\u00e2ce 2019, la solidarit\u00e9 n\u2019aura pas pour unique adresse les parvis des mosqu\u00e9es d\u00e8s lors qu\u2019il a \u00e9t\u00e9 d\u00e9cid\u00e9 de se donner rendez-vous tous les vendredis profanes afin de contester l\u2019ordre inf\u00e2me qui a fini par faire de la mis\u00e8re un param\u00e8tre \u00e9conomique.<br \/><em><strong>B. H.<\/strong><\/em><\/p>\n<p>Auteur:<br \/>\n<a href=\"https:\/\/www.lesoirdalgerie.com\/lettre-de-province\/le-hirak-a-lepreuve-du-careme-et-des-manoeuvres-politiques-23616\">Cliquez ici pour lire l&rsquo;article depuis sa source.<\/a><\/p>\n","protected":false},"excerpt":{"rendered":"<p>Que vise au juste le bin\u00f4me Ga\u00efd Salah-Bensalah en d\u00e9cidant d\u2019un commun accord d\u2019imposer \u00e0 l\u2019insurrection citoyenne la \u00absolution\u00bb d\u2019une pr\u00e9sidentielle ficel\u00e9e dans la h\u00e2te alors qu\u2019eux-m\u00eames d\u00e9claraient auparavant qu\u2019ils \u00e9taient favorables \u00e0 l\u2019examen d\u2019autres approches susceptibles de faire l\u2019unanimit\u00e9 aupr\u00e8s de l\u2019opinion ? Difficile donc de suivre leur cheminement politique d\u2019autant plus qu\u2019ils firent [&hellip;]<\/p>\n","protected":false},"author":1741,"featured_media":0,"comment_status":"closed","ping_status":"closed","sticky":false,"template":"","format":"standard","meta":{"fifu_image_url":"","fifu_image_alt":"","footnotes":""},"categories":[73,53],"tags":[],"class_list":["post-33706","post","type-post","status-publish","format-standard","hentry","category-actualite","category-algerie"],"_links":{"self":[{"href":"https:\/\/linitiative.ca\/International\/wp-json\/wp\/v2\/posts\/33706","targetHints":{"allow":["GET"]}}],"collection":[{"href":"https:\/\/linitiative.ca\/International\/wp-json\/wp\/v2\/posts"}],"about":[{"href":"https:\/\/linitiative.ca\/International\/wp-json\/wp\/v2\/types\/post"}],"author":[{"embeddable":true,"href":"https:\/\/linitiative.ca\/International\/wp-json\/wp\/v2\/users\/1741"}],"replies":[{"embeddable":true,"href":"https:\/\/linitiative.ca\/International\/wp-json\/wp\/v2\/comments?post=33706"}],"version-history":[{"count":0,"href":"https:\/\/linitiative.ca\/International\/wp-json\/wp\/v2\/posts\/33706\/revisions"}],"wp:attachment":[{"href":"https:\/\/linitiative.ca\/International\/wp-json\/wp\/v2\/media?parent=33706"}],"wp:term":[{"taxonomy":"category","embeddable":true,"href":"https:\/\/linitiative.ca\/International\/wp-json\/wp\/v2\/categories?post=33706"},{"taxonomy":"post_tag","embeddable":true,"href":"https:\/\/linitiative.ca\/International\/wp-json\/wp\/v2\/tags?post=33706"}],"curies":[{"name":"wp","href":"https:\/\/api.w.org\/{rel}","templated":true}]}}