{"id":33709,"date":"2019-05-11T06:00:00","date_gmt":"2019-05-11T10:00:00","guid":{"rendered":"https:\/\/linitiative.ca\/International\/glace-aux-noisettes\/"},"modified":"2019-05-11T06:00:00","modified_gmt":"2019-05-11T10:00:00","slug":"glace-aux-noisettes","status":"publish","type":"post","link":"https:\/\/linitiative.ca\/International\/glace-aux-noisettes\/","title":{"rendered":"Glace aux noisettes"},"content":{"rendered":"<p><em><strong>Une bo\u00eete de lait concentr\u00e9,\u00a0250 g de noisettes,\u00a01,2 l de lait et 3 bonnes cuill\u00e8res de f\u00e9cule de ma\u00efs\u00a0<\/strong><\/em><br \/>Commencer par faire griller les noisettes jusqu&rsquo;\u00e0 coloration, ensuite les r\u00e9duire en poudre. M\u00e9langer avec le lait et la f\u00e9cule.\u00a0<br \/>Mettre le liquide obtenu dans une casserole puis verser le lait concentr\u00e9, bien m\u00e9langer. Cuire \u00e0 feu moyen jusqu&rsquo;\u00e0 \u00e9bullition, mettre dans des petits ramequins ou bols. D\u00e9corer de noisettes.<\/p>\n<p>Auteur:<br \/>\n<a href=\"https:\/\/www.lesoirdalgerie.com\/femme-magazine\/glace-aux-noisettes-23613\">Cliquez ici pour lire l&rsquo;article depuis sa source.<\/a><\/p>\n","protected":false},"excerpt":{"rendered":"<p>Une bo\u00eete de lait concentr\u00e9,\u00a0250 g de noisettes,\u00a01,2 l de lait et 3 bonnes cuill\u00e8res de f\u00e9cule de ma\u00efs\u00a0Commencer par faire griller les noisettes jusqu&rsquo;\u00e0 coloration, ensuite les r\u00e9duire en poudre. M\u00e9langer avec le lait et la f\u00e9cule.\u00a0Mettre le liquide obtenu dans une casserole puis verser le lait concentr\u00e9, bien m\u00e9langer. Cuire \u00e0 feu moyen [&hellip;]<\/p>\n","protected":false},"author":1741,"featured_media":0,"comment_status":"closed","ping_status":"closed","sticky":false,"template":"","format":"standard","meta":{"fifu_image_url":"","fifu_image_alt":"","footnotes":""},"categories":[73,53],"tags":[],"class_list":["post-33709","post","type-post","status-publish","format-standard","hentry","category-actualite","category-algerie"],"_links":{"self":[{"href":"https:\/\/linitiative.ca\/International\/wp-json\/wp\/v2\/posts\/33709","targetHints":{"allow":["GET"]}}],"collection":[{"href":"https:\/\/linitiative.ca\/International\/wp-json\/wp\/v2\/posts"}],"about":[{"href":"https:\/\/linitiative.ca\/International\/wp-json\/wp\/v2\/types\/post"}],"author":[{"embeddable":true,"href":"https:\/\/linitiative.ca\/International\/wp-json\/wp\/v2\/users\/1741"}],"replies":[{"embeddable":true,"href":"https:\/\/linitiative.ca\/International\/wp-json\/wp\/v2\/comments?post=33709"}],"version-history":[{"count":0,"href":"https:\/\/linitiative.ca\/International\/wp-json\/wp\/v2\/posts\/33709\/revisions"}],"wp:attachment":[{"href":"https:\/\/linitiative.ca\/International\/wp-json\/wp\/v2\/media?parent=33709"}],"wp:term":[{"taxonomy":"category","embeddable":true,"href":"https:\/\/linitiative.ca\/International\/wp-json\/wp\/v2\/categories?post=33709"},{"taxonomy":"post_tag","embeddable":true,"href":"https:\/\/linitiative.ca\/International\/wp-json\/wp\/v2\/tags?post=33709"}],"curies":[{"name":"wp","href":"https:\/\/api.w.org\/{rel}","templated":true}]}}