{"id":33714,"date":"2019-05-11T13:37:47","date_gmt":"2019-05-11T17:37:47","guid":{"rendered":"https:\/\/linitiative.ca\/International\/politique-se-dirige-t-on-vers-un-remaniement\/"},"modified":"2019-05-11T13:37:47","modified_gmt":"2019-05-11T17:37:47","slug":"politique-se-dirige-t-on-vers-un-remaniement","status":"publish","type":"post","link":"https:\/\/linitiative.ca\/International\/politique-se-dirige-t-on-vers-un-remaniement\/","title":{"rendered":"Politique : Se dirige-t-on vers un remaniement ?"},"content":{"rendered":"<p class=\"p1\">Tiraillements, postures politiciennes, communication dans l\u2019impasse, le <strong>remaniement<\/strong> est-il une issue?<\/p>\n<div class=\"c10\"\/>\n<p class=\"p1\">Les milieux g\u00e9n\u00e9ralement bien inform\u00e9s, selon la formule consacr\u00e9e, bruissent de la m\u00eame rumeur. Un remaniement important serait en pr\u00e9paration. C\u2019est une solution politique probable parce que la situation est grave. Le gouvernement n\u2019a plus aucune adh\u00e9sion populaire. Comment en est-on arriv\u00e9s l\u00e0 ?<\/p>\n<p class=\"p2\">Il y a d\u2019abord ce qui rel\u00e8ve du cong\u00e9nital. Cet ex\u00e9cutif est n\u00e9 apr\u00e8s la p\u00e9riode du blocage et l\u2019\u00e9viction de Benkirane. La majorit\u00e9 constitu\u00e9e est trop h\u00e9t\u00e9roclite et l\u2019accord qui a abouti \u00e0 sa constitution n\u2019a aucun sens politique.<\/p>\n<p class=\"p2\"><span class=\"s1\">Mais, ensuite, il y a les erreurs de communication en cascade. La question de l\u2019heure officielle, par exemple, ou la pr\u00e9cipitation dans la d\u00e9claration, mais surtout dans la gestion des impacts. Les horaires pour le scolaire, l\u2019administration ont \u00e9t\u00e9 chang\u00e9s plusieurs fois dans un laps de temps tr\u00e8s court, d\u00e9montrant l\u2019impr\u00e9paration de la d\u00e9cision.<\/span><\/p>\n<p class=\"p2\">Ensuite, il y a eu le m\u00e9lodrame des enseignants contractuels. M\u00e9lodrame qui a failli imposer une ann\u00e9e blanche et dont nul ne sait comment on va r\u00e9cup\u00e9rer les six mois de gr\u00e8ve.<\/p>\n<h2>\u00ab\u00a0Cette coalition n\u2019a aucune homog\u00e9n\u00e9it\u00e9 et affiche ses diff\u00e9rences\u00a0\u00bb<\/h2>\n<p class=\"p2\">Les d\u00e9clarations de Lahcen Daoudi sur le plafonnement des prix des hydrocarbures qu\u2019il avoue \u00eatre un subterfuge pour faire pression sur le secteur, d\u00e9montrent \u00e0 quel point l\u2019ex\u00e9cutif manque d\u2019imagination, de coh\u00e9rence. Cela se r\u00e9percute sur sa communication, brouillonne, inaudible. La r\u00e8gle \u00e9tant que \u00ab<em>ce qui se con\u00e7oit clairement s\u2019\u00e9nonce ais\u00e9ment\u00bb<\/em>.<\/p>\n<p class=\"p2\">Mais le pire, ce sont les relations entre les partis de la coalition majoritaires. La guerre entre le PJD et le RNI est un scandale. Quand Rachid Talbi Alami a accus\u00e9 les islamistes de noyauter l\u2019Etat, c\u2019est gravissime. Quant \u00e0 l\u2019inverse, visant Aziz Akhannouch, le PJD r\u00e9clame la s\u00e9paration entre la politique et l\u2019argent, c\u2019est un coup bas. Mais, depuis deux ans, la campagne \u00e9lectorale bat son plein, alors que les \u00e9lections sont encore tr\u00e8s loin.<\/p>\n<p class=\"p2\">Nabil Benabdellah, d\u00e9nonce, devant son parti, l\u2019absence de toute r\u00e9forme. On peut allonger la liste, cette coalition n\u2019a aucune homog\u00e9n\u00e9it\u00e9 et affiche ses diff\u00e9rences.<\/p>\n<p class=\"p2\">Quand le PJD bloque le projet de l\u2019\u00e9ducation nationale, projet de loi pr\u00e9sent\u00e9 par le gouvernement, nous sommes dans le th\u00e9\u00e2tre de l\u2019absurde. Puisque c\u2019est sa position, Sa\u00e2deddine El Otmani aurait pu le stopper au conseil de gouvernement, plut\u00f4t que de laisser ses parlementaires le faire sur ordre de Benkirane, alors qu\u2019un consensus avait \u00e9t\u00e9 trouv\u00e9.<\/p>\n<p class=\"p2\">Ce brouillard visqueux, alors qu\u2019aucune r\u00e9alisation ne vient le contrebalancer, n\u00e9cessite une r\u00e9ponse politique. Cela aurait pu \u00eatre une dissolution et des \u00e9lections anticip\u00e9es. Ce n\u2019est pas le choix des d\u00e9cideurs.<\/p>\n<p class=\"p2\">Pour qu\u2019un remaniement puisse r\u00e9pondre \u00e0 la profondeur de la crise, il faut qu\u2019il r\u00e9ponde \u00e0 trois crit\u00e8res :<\/p>\n<p class=\"p2\">\u2013 Qu\u2019il soit d\u2019envergure et non pas cosm\u00e9tique.<\/p>\n<p class=\"p2\">\u2013 Qu\u2019il ne soit pas attach\u00e9 aux \u00e9quilibres partisans mais \u00e0 l\u2019efficacit\u00e9 attendue.<\/p>\n<p class=\"p2\">\u2013 Que les entrants soient, bien s\u00fbr, comp\u00e9tents, mais aussi connus pour leurs talents de communication et leur capacit\u00e9 \u00e0 convaincre.<\/p>\n<p class=\"p2\">Si ces conditions ne sont pas r\u00e9unies, l\u2019effet sur l\u2019opinion publique risque d\u2019\u00eatre marginal. L\u2019adh\u00e9sion \u00e0 l\u2019action gouvernementale a besoin d\u2019un v\u00e9ritable effort de l\u2019ex\u00e9cutif pour \u00e9viter la d\u00e9sillusion g\u00e9n\u00e9ralis\u00e9e et la multiplication des conflits.<\/p>\n<div class=\"c17\">\n<fieldset class=\"c16\">\n<legend><strong><span class=\"c11\">Challenge<\/span><span class=\"c12\">news<\/span><\/strong><\/legend>\n<div class=\"c15\">Le meilleur de la r\u00e9daction s\u00e9lectionn\u00e9 par Challenge :<\/p>\n<\/div>\n<\/fieldset>\n<\/div>\n<p>Auteur: Jamal Berraoui<br \/>\n<a href=\"https:\/\/www.challenge.ma\/politique-se-dirige-t-on-vers-un-remaniement-108986\/\">Cliquez ici pour lire l&rsquo;article depuis sa source.<\/a><\/p>\n","protected":false},"excerpt":{"rendered":"<p>Tiraillements, postures politiciennes, communication dans l\u2019impasse, le remaniement est-il une issue? Les milieux g\u00e9n\u00e9ralement bien inform\u00e9s, selon la formule consacr\u00e9e, bruissent de la m\u00eame rumeur. Un remaniement important serait en pr\u00e9paration. C\u2019est une solution politique probable parce que la situation est grave. Le gouvernement n\u2019a plus aucune adh\u00e9sion populaire. Comment en est-on arriv\u00e9s l\u00e0 ? [&hellip;]<\/p>\n","protected":false},"author":1787,"featured_media":0,"comment_status":"closed","ping_status":"closed","sticky":false,"template":"","format":"standard","meta":{"fifu_image_url":"","fifu_image_alt":"","footnotes":""},"categories":[78,54],"tags":[],"class_list":["post-33714","post","type-post","status-publish","format-standard","hentry","category-economie","category-maroc"],"_links":{"self":[{"href":"https:\/\/linitiative.ca\/International\/wp-json\/wp\/v2\/posts\/33714","targetHints":{"allow":["GET"]}}],"collection":[{"href":"https:\/\/linitiative.ca\/International\/wp-json\/wp\/v2\/posts"}],"about":[{"href":"https:\/\/linitiative.ca\/International\/wp-json\/wp\/v2\/types\/post"}],"author":[{"embeddable":true,"href":"https:\/\/linitiative.ca\/International\/wp-json\/wp\/v2\/users\/1787"}],"replies":[{"embeddable":true,"href":"https:\/\/linitiative.ca\/International\/wp-json\/wp\/v2\/comments?post=33714"}],"version-history":[{"count":0,"href":"https:\/\/linitiative.ca\/International\/wp-json\/wp\/v2\/posts\/33714\/revisions"}],"wp:attachment":[{"href":"https:\/\/linitiative.ca\/International\/wp-json\/wp\/v2\/media?parent=33714"}],"wp:term":[{"taxonomy":"category","embeddable":true,"href":"https:\/\/linitiative.ca\/International\/wp-json\/wp\/v2\/categories?post=33714"},{"taxonomy":"post_tag","embeddable":true,"href":"https:\/\/linitiative.ca\/International\/wp-json\/wp\/v2\/tags?post=33714"}],"curies":[{"name":"wp","href":"https:\/\/api.w.org\/{rel}","templated":true}]}}