{"id":33715,"date":"2019-05-11T13:38:04","date_gmt":"2019-05-11T17:38:04","guid":{"rendered":"https:\/\/linitiative.ca\/International\/le-rendez-vous-des-jeux-africains\/"},"modified":"2019-05-11T13:38:04","modified_gmt":"2019-05-11T17:38:04","slug":"le-rendez-vous-des-jeux-africains","status":"publish","type":"post","link":"https:\/\/linitiative.ca\/International\/le-rendez-vous-des-jeux-africains\/","title":{"rendered":"Le rendez-vous des Jeux Africains"},"content":{"rendered":"<p class=\"p1\">Ce sera le grand moment du sport africain. Et il aura lieu au Maroc. Un \u00e9v\u00e8nement de taille puisque l\u2019ensemble du continent, sur 54 nations, repr\u00e9sent\u00e9es par plus de 5.000 athl\u00e8tes couvrant toutes les disciplines sportives dont 18 seront qualificatives pour les Jeux Olympiques de Tokyo en 2020.<\/p>\n<div class=\"c10\"\/>\n<p class=\"p1\">C\u2019est dire que le programme promet d\u2019\u00eatre incroyable. Et si personne n\u2019en parle pas plus que cela actuellement, c\u2019est que l\u2019opinion sportive a l\u2019esprit occup\u00e9 ailleurs.<\/p>\n<p class=\"p1\"><span class=\"s1\">L<\/span><span class=\"s1\">e foot et ses qualifications, Berkane et Wydad, sans oublier les parcours glorieux en Coupes d\u2019Europe avec des clubs que l\u2019on affectionne dans notre pays (Barcelone, Ajax, etc.), nous font n\u00e9gliger, pour l\u2019instant ce qui sera le plus grand rendez-vous sportif de l\u2019ann\u00e9e.<\/span><\/p>\n<p class=\"p2\"><span class=\"s1\">Sur les plans diplomatique et politique l\u2019impact sera aussi \u00e9norme.<\/span><\/p>\n<p class=\"p2\"><span class=\"s1\">Les jeux Africains, trop politis\u00e9s depuis qu\u2019ils ont \u00e9t\u00e9 rattach\u00e9s \u00e0 l\u2019UA (Union africaine ex-OUA), avaient p\u00e9riclit\u00e9.<\/span><\/p>\n<p class=\"p2\"><span class=\"s1\">Le retour du Maroc au sein de l\u2019Union africaine a \u00e9t\u00e9 saisi comme une occasion historique et incontournable pour relancer un \u00e9v\u00e8nement qui allait mourir de sa belle mort.<\/span><\/p>\n<p class=\"p2\"><span class=\"s1\">L\u2019ACNOA (Association des Comit\u00e9s Nationaux Olympiques Africains) se substituant \u00e0 l\u2019Institution Politique, pensa que le Maroc serait l\u2019h\u00f4te id\u00e9al des Jeux Africains new-look.<\/span><\/p>\n<p class=\"p2\"><span class=\"s1\">Et voici notre Royaume plac\u00e9 devant le d\u00e9fi d\u2019accueillir du 19 au 31 ao\u00fbt toute la force vive du continent, force qui s\u2019exprimera non seulement sur les pistes et dans les stades, mais aussi les sc\u00e8nes th\u00e9\u00e2trales, car la culture ne sera pas en reste. La f\u00eate sera totale et elle s\u2019installera particuli\u00e8rement dans les villes choisies pour la circonstance.<\/span><\/p>\n<p class=\"p2\"><span class=\"s1\">Parmi elles, bien s\u00fbr, Rabat et Casablanca, mais aussi Kh\u00e9misset et d\u2019autres cit\u00e9s qui vont, c\u2019est d\u00e9j\u00e0 confirm\u00e9, faire le plein.<\/span><\/p>\n<p class=\"p2\"><span class=\"s1\">\u00ab L\u2019Afrique fi\u00e8re du Maroc ! \u00bb c\u2019est l\u2019un des titres qui fleurissent dans les gazettes et r\u00e9seaux sociaux, car n\u2019en d\u00e9plaise \u00e0 ceux, tr\u00e8s rares, de plus en plus rares, qui sont contre notre pays sans qu\u2019eux-m\u00eames ne sachent pourquoi, notre pays est devenu une destination privil\u00e9gi\u00e9e du continent. Un continent qui s\u2019est priv\u00e9 trop longtemps du plaisir d\u2019\u00eatre parmi nous.<\/span><\/p>\n<p class=\"p2\"><span class=\"s1\">Ce fut l\u00e0 une frustration et une douleur et SM le roi Mohammed VI l\u2019a superbement soulign\u00e9 lorsque le Souverain d\u00e9clara lors du Congr\u00e8s qui marqua notre retour dans le giron africain : <em>\u00ab On s\u2019est manqu\u00e9 mutuellement\u2026\u00bb.<\/em><\/span><\/p>\n<p class=\"p2\"><span class=\"s1\">D\u00e9sormais, on va rattraper le temps perdu et le rendez-vous des Jeux Africains est l\u2019opportunit\u00e9 id\u00e9ale.<\/span><\/p>\n<p class=\"p2\"><span class=\"s1\">Mais aussi quelle responsabilit\u00e9, et quel d\u00e9fi ?<span class=\"Apple-converted-space\">\u00a0<\/span>Ils sont \u00e0 la hauteur de l\u2019\u00e9v\u00e8nement et des enjeux. Il va falloir que notre pays r\u00e9ponde pr\u00e9sent. En tout et partout.<\/span><\/p>\n<p class=\"p2\"><span class=\"s1\">En sera-t-on capables ?<\/span><\/p>\n<p class=\"p2\"><span class=\"s1\">Dieu seul le sait, mais d\u00e9j\u00e0 les perspectives et les pr\u00e9mices sont belles. Alors pourquoi ne r\u00e9ussirait-on pas l\u2019exploit sur tous les plans : sportif, logistique, diplomatique ? Avec la chaleur hospitali\u00e8re qui a fait la r\u00e9putation de notre pays. Un pays o\u00f9 le mot d\u00e9fi est devenu quasi symbolique.\u00a0<\/span><\/p>\n<div class=\"c17\">\n<fieldset class=\"c16\">\n<legend><strong><span class=\"c11\">Challenge<\/span><span class=\"c12\">news<\/span><\/strong><\/legend>\n<div class=\"c15\">Le meilleur de la r\u00e9daction s\u00e9lectionn\u00e9 par Challenge :<\/p>\n<\/div>\n<\/fieldset>\n<\/div>\n<p>Auteur: Najib Salmi<br \/>\n<a href=\"https:\/\/www.challenge.ma\/le-rendez-vous-des-jeux-africains-109001\/\">Cliquez ici pour lire l&rsquo;article depuis sa source.<\/a><\/p>\n","protected":false},"excerpt":{"rendered":"<p>Ce sera le grand moment du sport africain. Et il aura lieu au Maroc. Un \u00e9v\u00e8nement de taille puisque l\u2019ensemble du continent, sur 54 nations, repr\u00e9sent\u00e9es par plus de 5.000 athl\u00e8tes couvrant toutes les disciplines sportives dont 18 seront qualificatives pour les Jeux Olympiques de Tokyo en 2020. C\u2019est dire que le programme promet d\u2019\u00eatre [&hellip;]<\/p>\n","protected":false},"author":1787,"featured_media":0,"comment_status":"closed","ping_status":"closed","sticky":false,"template":"","format":"standard","meta":{"fifu_image_url":"","fifu_image_alt":"","footnotes":""},"categories":[78,54],"tags":[],"class_list":["post-33715","post","type-post","status-publish","format-standard","hentry","category-economie","category-maroc"],"_links":{"self":[{"href":"https:\/\/linitiative.ca\/International\/wp-json\/wp\/v2\/posts\/33715","targetHints":{"allow":["GET"]}}],"collection":[{"href":"https:\/\/linitiative.ca\/International\/wp-json\/wp\/v2\/posts"}],"about":[{"href":"https:\/\/linitiative.ca\/International\/wp-json\/wp\/v2\/types\/post"}],"author":[{"embeddable":true,"href":"https:\/\/linitiative.ca\/International\/wp-json\/wp\/v2\/users\/1787"}],"replies":[{"embeddable":true,"href":"https:\/\/linitiative.ca\/International\/wp-json\/wp\/v2\/comments?post=33715"}],"version-history":[{"count":0,"href":"https:\/\/linitiative.ca\/International\/wp-json\/wp\/v2\/posts\/33715\/revisions"}],"wp:attachment":[{"href":"https:\/\/linitiative.ca\/International\/wp-json\/wp\/v2\/media?parent=33715"}],"wp:term":[{"taxonomy":"category","embeddable":true,"href":"https:\/\/linitiative.ca\/International\/wp-json\/wp\/v2\/categories?post=33715"},{"taxonomy":"post_tag","embeddable":true,"href":"https:\/\/linitiative.ca\/International\/wp-json\/wp\/v2\/tags?post=33715"}],"curies":[{"name":"wp","href":"https:\/\/api.w.org\/{rel}","templated":true}]}}