{"id":33716,"date":"2019-05-11T12:18:15","date_gmt":"2019-05-11T16:18:15","guid":{"rendered":"https:\/\/linitiative.ca\/International\/tunisie-letat-gele-les-avoirs-financiers-delements-terroristes\/"},"modified":"2019-05-11T12:18:15","modified_gmt":"2019-05-11T16:18:15","slug":"tunisie-letat-gele-les-avoirs-financiers-delements-terroristes","status":"publish","type":"post","link":"https:\/\/linitiative.ca\/International\/tunisie-letat-gele-les-avoirs-financiers-delements-terroristes\/","title":{"rendered":"Tunisie \u2013 L\u2019Etat g\u00e8le les avoirs financiers d\u2019\u00e9l\u00e9ments terroristes"},"content":{"rendered":"<div class=\"post-cont-in left relative\">\n<p>La commission nationale de lutte contre le terrorisme a fait publier sur le dernier Num\u00e9ro du Journal Officiel, un nombre de d\u00e9cisions de gel d\u2019avoirs financiers d\u2019\u00e9l\u00e9ments et de formations terroristes.<\/p>\n<p>La liste des noms concern\u00e9s comporte, entre autres, ceux de terroristes abattus derni\u00e8rement, ainsi que ceux d\u2019\u00e9l\u00e9ments impliqu\u00e9s dans des attaques, comme celle qui avait cibl\u00e9 le mus\u00e9e du Bardo, ou celle de l\u2019h\u00f4tel Imp\u00e9rial \u00e0 Sousse, ou encore la bataille de Ben Guerdene.<\/p>\n<div class=\"code-block code-block-1 c3\"><ins class=\"adsbygoogle c2\" data-ad-layout=\"in-article\" data-ad-format=\"fluid\" data-ad-client=\"ca-pub-2102118777505746\" data-ad-slot=\"7301775417\"\/> <\/div>\n<div class=\"mvp-org-wrap mvp-org-logo\" itemprop=\"publisher\" itemscope=\"\" itemtype=\"https:\/\/schema.org\/Organization\"><img decoding=\"async\" src=\"https:\/\/www.tunisienumerique.com\/wp-content\/uploads\/2017\/02\/logo_tunisie_numerique.png\"\/><\/div>\n<\/div>\n<p>Auteur: LM<br \/>\n<a href=\"https:\/\/www.tunisienumerique.com\/tunisie-letat-gele-les-avoirs-financiers-delements-terroristes\/\">Cliquez ici pour lire l&rsquo;article depuis sa source.<\/a><\/p>\n","protected":false},"excerpt":{"rendered":"<p>La commission nationale de lutte contre le terrorisme a fait publier sur le dernier Num\u00e9ro du Journal Officiel, un nombre de d\u00e9cisions de gel d\u2019avoirs financiers d\u2019\u00e9l\u00e9ments et de formations terroristes. La liste des noms concern\u00e9s comporte, entre autres, ceux de terroristes abattus derni\u00e8rement, ainsi que ceux d\u2019\u00e9l\u00e9ments impliqu\u00e9s dans des attaques, comme celle qui [&hellip;]<\/p>\n","protected":false},"author":1789,"featured_media":33717,"comment_status":"closed","ping_status":"closed","sticky":false,"template":"","format":"standard","meta":{"fifu_image_url":"","fifu_image_alt":"","footnotes":""},"categories":[73,55],"tags":[],"class_list":["post-33716","post","type-post","status-publish","format-standard","has-post-thumbnail","hentry","category-actualite","category-tunisie"],"_links":{"self":[{"href":"https:\/\/linitiative.ca\/International\/wp-json\/wp\/v2\/posts\/33716","targetHints":{"allow":["GET"]}}],"collection":[{"href":"https:\/\/linitiative.ca\/International\/wp-json\/wp\/v2\/posts"}],"about":[{"href":"https:\/\/linitiative.ca\/International\/wp-json\/wp\/v2\/types\/post"}],"author":[{"embeddable":true,"href":"https:\/\/linitiative.ca\/International\/wp-json\/wp\/v2\/users\/1789"}],"replies":[{"embeddable":true,"href":"https:\/\/linitiative.ca\/International\/wp-json\/wp\/v2\/comments?post=33716"}],"version-history":[{"count":0,"href":"https:\/\/linitiative.ca\/International\/wp-json\/wp\/v2\/posts\/33716\/revisions"}],"wp:featuredmedia":[{"embeddable":true,"href":"https:\/\/linitiative.ca\/International\/wp-json\/"}],"wp:attachment":[{"href":"https:\/\/linitiative.ca\/International\/wp-json\/wp\/v2\/media?parent=33716"}],"wp:term":[{"taxonomy":"category","embeddable":true,"href":"https:\/\/linitiative.ca\/International\/wp-json\/wp\/v2\/categories?post=33716"},{"taxonomy":"post_tag","embeddable":true,"href":"https:\/\/linitiative.ca\/International\/wp-json\/wp\/v2\/tags?post=33716"}],"curies":[{"name":"wp","href":"https:\/\/api.w.org\/{rel}","templated":true}]}}