{"id":33737,"date":"2019-05-11T12:46:37","date_gmt":"2019-05-11T16:46:37","guid":{"rendered":"https:\/\/linitiative.ca\/International\/les-otages-liberes-recus-par-le-president-du-faso\/"},"modified":"2019-05-11T12:46:37","modified_gmt":"2019-05-11T16:46:37","slug":"les-otages-liberes-recus-par-le-president-du-faso","status":"publish","type":"post","link":"https:\/\/linitiative.ca\/International\/les-otages-liberes-recus-par-le-president-du-faso\/","title":{"rendered":"Les otages lib\u00e9r\u00e9s re\u00e7us par le pr\u00e9sident du Faso"},"content":{"rendered":"<div class=\"td-post-featured-image\"><a href=\"https:\/\/i0.wp.com\/www.sidwaya.info\/wp-content\/uploads\/2019\/05\/1-26.jpg?fit=900%2C600&#038;ssl=1\" data-caption=\"\"><img loading=\"lazy\" decoding=\"async\" width=\"696\" height=\"464\" class=\"entry-thumb td-modal-image\" src=\"https:\/\/i0.wp.com\/www.sidwaya.info\/wp-content\/uploads\/2019\/05\/1-26.jpg?resize=696%2C464&#038;ssl=1\" srcset=\"https:\/\/i0.wp.com\/www.sidwaya.info\/wp-content\/uploads\/2019\/05\/1-26.jpg?w=900&#038;ssl=1 900w, https:\/\/i0.wp.com\/www.sidwaya.info\/wp-content\/uploads\/2019\/05\/1-26.jpg?resize=300%2C200&#038;ssl=1 300w, https:\/\/i0.wp.com\/www.sidwaya.info\/wp-content\/uploads\/2019\/05\/1-26.jpg?resize=768%2C512&#038;ssl=1 768w, https:\/\/i0.wp.com\/www.sidwaya.info\/wp-content\/uploads\/2019\/05\/1-26.jpg?resize=696%2C464&#038;ssl=1 696w, https:\/\/i0.wp.com\/www.sidwaya.info\/wp-content\/uploads\/2019\/05\/1-26.jpg?resize=630%2C420&#038;ssl=1 630w\" sizes=\"auto, (max-width: 696px) 100vw, 696px\" alt=\"\" title=\"1\"\/><\/a><\/div>\n<div class=\"td-a-rec td-a-rec-id-content_top td_uid_30_5cd7422579faa_rand td_block_template_1\"><img loading=\"lazy\" decoding=\"async\" class=\"aligncenter size-full wp-image-4463\" src=\"https:\/\/www.sidwaya.info\/wp-content\/uploads\/2019\/02\/FESPACO-TOUR-2019-Bannie%CC%80re-728x90-1.jpg\" alt=\"\" width=\"728\" height=\"90\"\/><\/div>\n<p><strong>Trois des quatre otages lib\u00e9r\u00e9s dans la nuit du\u00a0 9 au 10 mai dans la R\u00e9gion du Nord, ont \u00e9t\u00e9 re\u00e7us en audience, le samedi 11 mai 2019 par le pr\u00e9sident du Faso, Roch Marc Christian Kabor\u00e9.<\/strong><\/p>\n<p>Enlev\u00e9s dans le nord du B\u00e9nin, dans le parc de la Pendjari, situ\u00e9 \u00e0 la fronti\u00e8re avec le Burkina Faso, les deux touristes fran\u00e7ais Patrick Picque et Laurent Lassimouillas, une citoyenne am\u00e9ricaine et une ressortissante sud-cor\u00e9enne, Kisoon Jang \u00a0ont \u00e9t\u00e9 lib\u00e9r\u00e9s, dans la nuit du\u00a0 9 au 10 mai dernier, dans la R\u00e9gion du Nord, gr\u00e2ce \u00e0 une op\u00e9ration militaire conjointe men\u00e9e par les forces sp\u00e9ciales fran\u00e7aises en collaboration avec les services de renseignements am\u00e9ricains et les forces de d\u00e9fense burkinab\u00e8. \u00a0Quelques heures avant leur d\u00e9part pour la France, trois des quatre otages, except\u00e9e l\u2019ex-otage am\u00e9ricaine, se sont entretenus avec le chef de l\u2019Etat, Roch Marc Christian Kabor\u00e9.<\/p>\n<p>C\u2019\u00e9tait au cours d\u2019une audience tenue le samedi 11 mai 2019 au Palais de Kosyam. Une trentaine de minutes apr\u00e8s leur arriv\u00e9e, ils sont r\u00e9apparus sur les marches du perron, en compagnie d\u2019une d\u00e9l\u00e9gation fran\u00e7aise et du ministre des Affaires \u00e9trang\u00e8res et de la Coop\u00e9ration, Alpha Barry. \u201c<em>Le pr\u00e9sident Kabor\u00e9\u00a0 a exprim\u00e9 sa compassion pour les deux morts enregistr\u00e9s c\u00f4t\u00e9 fran\u00e7ais dans cette op\u00e9ration. Il a, par ailleurs, dit \u00eatre soulag\u00e9 apr\u00e8s la lib\u00e9ration des quatre otages, dont les deux fran\u00e7ais et la cor\u00e9enne. L\u2019am\u00e9ricaine a \u00e9t\u00e9 r\u00e9cup\u00e9r\u00e9e par les autorit\u00e9s am\u00e9ricaines<\/em>\u201c, a indiqu\u00e9 le chef de la diplomatie burkinab\u00e8. Le pr\u00e9sident du Faso a \u00e9galement t\u00e9moign\u00e9, aux dires du ministre Barry, sa solidarit\u00e9 au peuple fran\u00e7ais et \u00e0 son homologue Emmanuel Macron. \u201c<em>Il a, en outre, exprim\u00e9 tout l\u2019int\u00e9r\u00eat de la coop\u00e9ration entre le Burkina Faso et la France, notamment pour la question s\u00e9curitaire au Sahel. Cette collaboration entre les deux pays, a-t-il relev\u00e9, est excellente. Et la r\u00e9ussite de cette op\u00e9ration militaire en est la preuve<\/em>\u201c, a-t-il ajout\u00e9. A l\u2019entendre, cette coop\u00e9ration est r\u00e9gie par un accord de d\u00e9fense sign\u00e9 en d\u00e9cembre dernier \u00e0 Paris. \u00a0Il a indiqu\u00e9 que les forces fran\u00e7aises qui sont des \u201c<em>forces alli\u00e9es<\/em>\u201c, sont, selon les termes de l\u2019accord, autoris\u00e9es \u00e0 mener des incursions sur le territoire burkinab\u00e8 avec le concours des forces de d\u00e9fense et de s\u00e9curit\u00e9 du Burkina Faso. Nous allons continuer, a-t-il conclu, \u00e0 intensifier nos relations dans le domaine de la d\u00e9fense et de la s\u00e9curit\u00e9 de sorte \u00e0 enrayer la menace terroriste au Sahel. Laurent Lassimouillas, l\u2019un des otages lib\u00e9r\u00e9s, a rendu, pour sa part, un hommage aux Maitres C\u00e9dric de Pierrepont et Alain Bertoncello, les deux militaires, membres du commando Hubert tu\u00e9s lors de l\u2019op\u00e9ration de sauvetage. \u201c<em>Nous avons une pens\u00e9e pour les familles de ces soldats qui ont perdu la vie pour nous sortir de cet enfer. Nous leur adressons toutes nos condol\u00e9ances. Nos pens\u00e9es vont \u00e9galement \u00e0 notre chauffeur guide b\u00e9ninois, Fiacre Gb\u00e9dji assassin\u00e9 avant notre enl\u00e8vement. Nous remercions enfin les autorit\u00e9s fran\u00e7aises et burkinab\u00e8 d\u2019avoir \u0153uvr\u00e9 \u00e0 notre lib\u00e9ration pour que nous soyons loin de tout cet enfer que nous avons v\u00e9cu<\/em>\u201c, a-t-il confi\u00e9, la voix empreinte d\u2019\u00e9motion.<\/p>\n<p>Le cort\u00e8ge des h\u00f4tes du pr\u00e9sident Roch Marc Christian Kabor\u00e9 a pris, quelques minutes plus tard, la direction de l\u2019A\u00e9roport de Ouagadougou. A leur arriv\u00e9e en France, ils ont \u00a0\u00e9t\u00e9 accueillis sur la base a\u00e9rienne de Villacoublay, en r\u00e9gion parisienne, par Emmanuel Macron et les ministres des Arm\u00e9es et des Affaires \u00e9trang\u00e8res, Florence Parly et Jean-Yves Le Drian.<\/p>\n<p><strong>Aubin NANA<\/strong><\/p>\n<div class=\"td-a-rec td-a-rec-id-content_bottom td_uid_31_5cd742257a133_rand td_block_template_1\"><img loading=\"lazy\" decoding=\"async\" class=\"alignright size-full wp-image-1724\" src=\"https:\/\/www.sidwaya.info\/wp-content\/uploads\/2018\/12\/sidwaya-pub.jpg\" alt=\"\" width=\"720\" height=\"90\"\/><\/div>\n<p>Auteur: BS. Sidwaya<br \/>\n<a href=\"https:\/\/www.sidwaya.info\/blog\/2019\/05\/11\/les-otages-liberes-recus-par-le-president-du-faso\/\">Cliquez ici pour lire l&rsquo;article depuis sa source.<\/a><\/p>\n","protected":false},"excerpt":{"rendered":"<p>Trois des quatre otages lib\u00e9r\u00e9s dans la nuit du\u00a0 9 au 10 mai dans la R\u00e9gion du Nord, ont \u00e9t\u00e9 re\u00e7us en audience, le samedi 11 mai 2019 par le pr\u00e9sident du Faso, Roch Marc Christian Kabor\u00e9. Enlev\u00e9s dans le nord du B\u00e9nin, dans le parc de la Pendjari, situ\u00e9 \u00e0 la fronti\u00e8re avec le [&hellip;]<\/p>\n","protected":false},"author":1816,"featured_media":0,"comment_status":"closed","ping_status":"closed","sticky":false,"template":"","format":"standard","meta":{"fifu_image_url":"","fifu_image_alt":"","footnotes":""},"categories":[73,81],"tags":[],"class_list":["post-33737","post","type-post","status-publish","format-standard","hentry","category-actualite","category-burkina-faso"],"_links":{"self":[{"href":"https:\/\/linitiative.ca\/International\/wp-json\/wp\/v2\/posts\/33737","targetHints":{"allow":["GET"]}}],"collection":[{"href":"https:\/\/linitiative.ca\/International\/wp-json\/wp\/v2\/posts"}],"about":[{"href":"https:\/\/linitiative.ca\/International\/wp-json\/wp\/v2\/types\/post"}],"author":[{"embeddable":true,"href":"https:\/\/linitiative.ca\/International\/wp-json\/wp\/v2\/users\/1816"}],"replies":[{"embeddable":true,"href":"https:\/\/linitiative.ca\/International\/wp-json\/wp\/v2\/comments?post=33737"}],"version-history":[{"count":0,"href":"https:\/\/linitiative.ca\/International\/wp-json\/wp\/v2\/posts\/33737\/revisions"}],"wp:attachment":[{"href":"https:\/\/linitiative.ca\/International\/wp-json\/wp\/v2\/media?parent=33737"}],"wp:term":[{"taxonomy":"category","embeddable":true,"href":"https:\/\/linitiative.ca\/International\/wp-json\/wp\/v2\/categories?post=33737"},{"taxonomy":"post_tag","embeddable":true,"href":"https:\/\/linitiative.ca\/International\/wp-json\/wp\/v2\/tags?post=33737"}],"curies":[{"name":"wp","href":"https:\/\/api.w.org\/{rel}","templated":true}]}}